{"id":12,"date":"2011-09-15T12:45:18","date_gmt":"2011-09-15T10:45:18","guid":{"rendered":"http:\/\/ethik13.wordpress.com\/?p=12"},"modified":"2011-09-15T12:45:18","modified_gmt":"2011-09-15T10:45:18","slug":"protokoll-15-09-2011","status":"publish","type":"post","link":"https:\/\/ethikblogs.de\/?p=12","title":{"rendered":"Protokoll, 15.09.2011"},"content":{"rendered":"<p>Ich begr\u00fc\u00dfte den Kurs im neuen Schuljahr 2011\/12. Nach einem kurzen Austausch \u00fcber besonders pr\u00e4gende Ferienerlebnisse gab ich Informationen zum Ethikkurs in K1 und K2:<\/p>\n<ul>\n<ul>&#8211; Bewertung: schriftlich:m\u00fcndlich = 60:40, zu den schriftlichen Noten z\u00e4hlen die Klausur (Anfang Dezember, 40%), sowie die Weblog-Note (20%)<\/ul>\n<\/ul>\n<p>&nbsp;<\/p>\n<ul>\n<ul>&#8211; Themen f\u00fcr K1: Anthropologie, Freiheit, Philosophische Standpunkte (Aristoteles, Kant, Utilitarismus, Verantwortungsethik)<\/ul>\n<\/ul>\n<p>&nbsp;<\/p>\n<ul>\n<ul>&#8211; Themen f\u00fcr K2: Recht und Gerechtigkeit, Religionen, Technik-Wissenschaft-Verantwortung, Pluralismus<\/ul>\n<\/ul>\n<p>Anschlie\u00dfend erkl\u00e4rte ich, was ein Weblog ist und wie es im Kurs genutzt werden soll. Leider lie\u00df die Internetverbindung viele W\u00fcnsche offen, sodass meine Erkl\u00e4rungen oft unterbrochen werden mussten. Der Kurs entschied sich mehrheitlich f\u00fcr ein \u00f6ffentliches Weblog.<\/p>\n<p>Als Einstieg in das Thema Anthropologie schrieben die Kursteilnehmer anschlie\u00dfend einen kurzen Text mit ihren Gedanken zum L\u00e4cheln. Im Anschluss daran stellten wir fest, dass &#8230;<\/p>\n<p>wichtig: Mail an mich schreiben, sodass ich alle im Weblog als Autoren anmelden kann<\/p>\n","protected":false},"excerpt":{"rendered":"<p>Ich begr\u00fc\u00dfte den Kurs im neuen Schuljahr 2011\/12. Nach einem kurzen Austausch \u00fcber besonders pr\u00e4gende Ferienerlebnisse gab ich Informationen zum Ethikkurs in K1 und K2: &#8211; Bewertung: schriftlich:m\u00fcndlich = 60:40, zu den schriftlichen Noten z\u00e4hlen die Klausur (Anfang Dezember, 40%), sowie die Weblog-Note (20%) &nbsp; &#8211; Themen f\u00fcr K1: Anthropologie, Freiheit, Philosophische Standpunkte (Aristoteles, Kant, [&hellip;]<\/p>\n","protected":false},"author":2,"featured_media":0,"comment_status":"open","ping_status":"open","sticky":false,"template":"","format":"standard","meta":{"footnotes":""},"categories":[13,16],"tags":[],"class_list":["post-12","post","type-post","status-publish","format-standard","hentry","category-organisatorisches","category-protokolle","missing-thumbnail"],"_links":{"self":[{"href":"https:\/\/ethikblogs.de\/index.php?rest_route=\/wp\/v2\/posts\/12","targetHints":{"allow":["GET"]}}],"collection":[{"href":"https:\/\/ethikblogs.de\/index.php?rest_route=\/wp\/v2\/posts"}],"about":[{"href":"https:\/\/ethikblogs.de\/index.php?rest_route=\/wp\/v2\/types\/post"}],"author":[{"embeddable":true,"href":"https:\/\/ethikblogs.de\/index.php?rest_route=\/wp\/v2\/users\/2"}],"replies":[{"embeddable":true,"href":"https:\/\/ethikblogs.de\/index.php?rest_route=%2Fwp%2Fv2%2Fcomments&post=12"}],"version-history":[{"count":0,"href":"https:\/\/ethikblogs.de\/index.php?rest_route=\/wp\/v2\/posts\/12\/revisions"}],"wp:attachment":[{"href":"https:\/\/ethikblogs.de\/index.php?rest_route=%2Fwp%2Fv2%2Fmedia&parent=12"}],"wp:term":[{"taxonomy":"category","embeddable":true,"href":"https:\/\/ethikblogs.de\/index.php?rest_route=%2Fwp%2Fv2%2Fcategories&post=12"},{"taxonomy":"post_tag","embeddable":true,"href":"https:\/\/ethikblogs.de\/index.php?rest_route=%2Fwp%2Fv2%2Ftags&post=12"}],"curies":[{"name":"wp","href":"https:\/\/api.w.org\/{rel}","templated":true}]}}