{"id":1527,"date":"2013-10-02T10:20:16","date_gmt":"2013-10-02T08:20:16","guid":{"rendered":"http:\/\/ethik13.wordpress.com\/?p=1527"},"modified":"2013-10-02T10:20:16","modified_gmt":"2013-10-02T08:20:16","slug":"der-mensch-aus-psychologischer-sicht","status":"publish","type":"post","link":"https:\/\/ethikblogs.de\/?p=1527","title":{"rendered":"Der Mensch aus psychologischer Sicht"},"content":{"rendered":"<p>Der Mensch ist ein Triebwesen, er entscheidet unbewusst und irrational und l\u00e4sst sich von Gef\u00fchlen leiten.Er l\u00e4sst sich in ICH, ES und \u00dcBER-ICH unterteilen.<\/p>\n<p>Das ES symbolisiert die Triebe und ist angeboren. Es ist der dunkle, unzug\u00e4ngliche Teil und hat einen negativen Charakter ( verglecihbar mit einem brodelndem Kessel), es gehorcht keinen Prinzipien.<\/p>\n<p>Das ICH entwickelt sich aus dem ES und vermittelt zwischen dem ES und dem \u00dcBER-ICH. Das ich arbeitet nach dem Realit\u00e4ts-Prinzip\u00a0 und ist selbstverliebt. Zwischen dem Es und dem ICH findet ein st\u00e4ndiger Kampf statt, wenn sich das ICH behauptet, dann kann es die Triebanspr\u00fcche f\u00fcr sich gewinnen und Zufriedenheit erlangen.<\/p>\n<p>Das \u00dcBER-ICH entsteht in der Kindheit und wird am meisten von den Eltern gepr\u00e4gt. Es verk\u00f6rpert Normen und Regel und somit die Au\u00dfenwelt. Steht dadurch anstelle der elterlichen Instanz.<\/p>\n<p><img loading=\"lazy\" decoding=\"async\" class=\"aligncenter\" alt=\"File:Freud Ich.svg\" src=\"http:\/\/upload.wikimedia.org\/wikipedia\/commons\/thumb\/7\/7a\/Freud_Ich.svg\/515px-Freud_Ich.svg.png\" width=\"515\" height=\"366\" \/><\/p>\n<p>Bildquelle: http:\/\/commons.wikimedia.org\/wiki\/File:Freud_Ich.svg, Reiner Zenz, <a href=\"http:\/\/creativecommons.org\/licenses\/by-sa\/3.0\/deed.en\">CC-by-SA 3.0<\/a><\/p>\n<p>(Stand: 02.10.2013 10:17 Uhr)<\/p>\n","protected":false},"excerpt":{"rendered":"<p>Der Mensch ist ein Triebwesen, er entscheidet unbewusst und irrational und l\u00e4sst sich von Gef\u00fchlen leiten.Er l\u00e4sst sich in ICH, ES und \u00dcBER-ICH unterteilen. Das ES symbolisiert die Triebe und ist angeboren. Es ist der dunkle, unzug\u00e4ngliche Teil und hat einen negativen Charakter ( verglecihbar mit einem brodelndem Kessel), es gehorcht keinen Prinzipien. Das ICH [&hellip;]<\/p>\n","protected":false},"author":76,"featured_media":0,"comment_status":"open","ping_status":"open","sticky":false,"template":"","format":"standard","meta":{"footnotes":""},"categories":[3],"tags":[],"class_list":["post-1527","post","type-post","status-publish","format-standard","hentry","category-anthropologie","missing-thumbnail"],"_links":{"self":[{"href":"https:\/\/ethikblogs.de\/index.php?rest_route=\/wp\/v2\/posts\/1527","targetHints":{"allow":["GET"]}}],"collection":[{"href":"https:\/\/ethikblogs.de\/index.php?rest_route=\/wp\/v2\/posts"}],"about":[{"href":"https:\/\/ethikblogs.de\/index.php?rest_route=\/wp\/v2\/types\/post"}],"author":[{"embeddable":true,"href":"https:\/\/ethikblogs.de\/index.php?rest_route=\/wp\/v2\/users\/76"}],"replies":[{"embeddable":true,"href":"https:\/\/ethikblogs.de\/index.php?rest_route=%2Fwp%2Fv2%2Fcomments&post=1527"}],"version-history":[{"count":0,"href":"https:\/\/ethikblogs.de\/index.php?rest_route=\/wp\/v2\/posts\/1527\/revisions"}],"wp:attachment":[{"href":"https:\/\/ethikblogs.de\/index.php?rest_route=%2Fwp%2Fv2%2Fmedia&parent=1527"}],"wp:term":[{"taxonomy":"category","embeddable":true,"href":"https:\/\/ethikblogs.de\/index.php?rest_route=%2Fwp%2Fv2%2Fcategories&post=1527"},{"taxonomy":"post_tag","embeddable":true,"href":"https:\/\/ethikblogs.de\/index.php?rest_route=%2Fwp%2Fv2%2Ftags&post=1527"}],"curies":[{"name":"wp","href":"https:\/\/api.w.org\/{rel}","templated":true}]}}