{"id":2159,"date":"2014-01-04T19:35:58","date_gmt":"2014-01-04T17:35:58","guid":{"rendered":"http:\/\/ethik13.wordpress.com\/?p=2159"},"modified":"2014-01-04T19:35:58","modified_gmt":"2014-01-04T17:35:58","slug":"sind-wir-schuld-am-leiden-der-welt","status":"publish","type":"post","link":"https:\/\/ethikblogs.de\/?p=2159","title":{"rendered":"Sind wir Schuld am Leiden der Welt?"},"content":{"rendered":"<p>Freiheit und Verantwortung geh\u00f6ren zusammen. Nur wer frei ist und immer auch anders agieren k\u00f6nnte\u201a kann verantwortlich handeln.&#8220; &#8211; <i>Heinz von F\u00f6rster, &#8222;Wahrheit ist die Erfindung eines L\u00fcgners. Gespr\u00e4che f\u00fcr Skeptiker&#8220; (1999)<\/i><\/p>\n<p>Wer frei ist, ist verantwortlich. Verantwortlich f\u00fcr das, was er tut und f\u00fcr das was er nicht tut. -Ist es unsere moralische Pflicht, anderen in Not zu helfen?\u00a0Und wer sind die &#8222;anderen&#8220;? Unsere Nachbarn, unsere Freunde, die Familie, die Bev\u00f6lkerung Europas oder sogar die ganze Welt? Sind wir daf\u00fcr verantwortlich, dass es Millionen Menschen so schlecht geht, w\u00e4hrend wir im \u00dcberfluss leben? Sind wir daf\u00fcr verantwortlich, dass unz\u00e4hlige Risiken mittlerweile vorhanden sind, wie z.B. die Atomkraft, die ohne gro\u00dfen Aufwand die Weltbev\u00f6lkerung zerst\u00f6ren kann? Sind wir daf\u00fcr verantwortlich, dass ein Gro\u00dfteil der Tier-und Pflanzenarten bereits ausgestorben ist? Die Moral sagt: Ja! Doch wenn wir eigentlich verantwortlich sind, wieso tun wir dann nichts dagegen?<\/p>\n<p>Ich denke, es sollte immer das Ziel sein so viel Menschen\u00a0wie m\u00f6glich zu helfen, egal ob der alten Dame \u00fcber die Stra\u00dfe oder dem fast verhungernden Kind in Afrika. Herkunft, Bildung, Religion, Besitz, etc. Wenn jeder Mensch einige gute Taten in seinem Leben vollbringt, sieht das f\u00fcr den Einzelnen zwar sehr wenig aus und vermutlich denken viele, dass nur weil sie jetzt bspw. weniger Fleisch essen, das Problem des \u00dcberma\u00dfes an Fleisch nicht einmal ann\u00e4hernd gel\u00f6st wird, doch insgesamt h\u00e4uft sich das alles an.\u00a0 W\u00fcrde jeder Mensch, der diesen Gedanken teilt, ihn ignorieren und einfach einmal weniger Fleisch essen, wie er es eigentlich auch will, so w\u00fcrde das Problem schneller gel\u00f6st sein als man &#8222;Fleisch&#8220; sagen kann. Meiner Meinung nach sind wir nat\u00fcrlich f\u00fcr vieles verantwortlich, wir k\u00f6nnen viel ver\u00e4ndern und wir ver\u00e4ndern auch viel, wenn auch nur in langsamen Tempo. An der Kinderarbeit sind gr\u00f6\u00dftenteils wir Schuld, weil wir alles so g\u00fcnstig wie m\u00f6glich haben wollen, ohne R\u00fccksicht auf Verluste wie die unz\u00e4hligen Kinderleben die in unsicheren Fabriken zu erschreckenden Bedingungen arbeiten m\u00fcssen. An diesem Beispiel l\u00e4sst sich aber auch zeigen, dass etwas dagegen getan wird. Immer mehr Kampagnen werden veranstaltet, die ILO beeinflusst das Geschehen durch weltweite Gesetze, fair produzierte Ware wird uns schmackhaft gemacht und die Medien berichten zumindest f\u00fcr kurze Zeit \u00fcber das Elend. Es ver\u00e4ndert sich was, das zeigen Statistiken, nicht besonders schnell aber es ver\u00e4ndert sich was. Allerdings haben wir von Grund auf Eigenschaften die schwer zu ver\u00e4ndern sind.\u00a0Der Mensch ist und bleibt egoistisch, er gibt sich selten mit etwas zufrieden, strebt immer nach mehr. Wir leben einfach in einer Leistungsgesellschaft. Dies ist keine Entschuldigung, es ist eine Tatsache. Jedoch kann man auch Anerkennung streben, immer mehr. Vorbild hierf\u00fcr w\u00e4re Nelson Mandela. Er hatte zwar nicht als Ziel so viel Anerkennung wie m\u00f6glich zu bekommen, aber er hatte das Ziel so viel Menschen wie m\u00f6glich zu helfen und hat es auch geschafft. Nat\u00fcrlich kann man nicht sagen, dass jeder Mensch dasselbe erreichen soll wie Nelson Mandela. Allerdings ist es definitiv nicht ausgeschlossen, dass man es schafft. Wir haben viel Leid verursacht, aber mit jedem Handeln oder eben Nicht-Handeln entscheiden wir, ob wir mit der Macht die wir besitzen, wie Geld, Erfahrung, Bildung, etc. ob wir unsere Verantwortung ausnutzen oder ob sie vorbildlich nutzen. Wir haben die Freiheit und Verantwortung uns zu entscheiden, also sollten wir es auch vorbildlich tun, jeder so viel er kann und nat\u00fcrlich will.<\/p>\n","protected":false},"excerpt":{"rendered":"<p>Freiheit und Verantwortung geh\u00f6ren zusammen. Nur wer frei ist und immer auch anders agieren k\u00f6nnte\u201a kann verantwortlich handeln.&#8220; &#8211; Heinz von F\u00f6rster, &#8222;Wahrheit ist die Erfindung eines L\u00fcgners. Gespr\u00e4che f\u00fcr Skeptiker&#8220; (1999) Wer frei ist, ist verantwortlich. Verantwortlich f\u00fcr das, was er tut und f\u00fcr das was er nicht tut. -Ist es unsere moralische Pflicht, [&hellip;]<\/p>\n","protected":false},"author":76,"featured_media":0,"comment_status":"open","ping_status":"open","sticky":false,"template":"","format":"standard","meta":{"footnotes":""},"categories":[2],"tags":[32,43,60],"class_list":["post-2159","post","type-post","status-publish","format-standard","hentry","category-allgemein","tag-freiheit","tag-moral","tag-verantwortung","missing-thumbnail"],"_links":{"self":[{"href":"https:\/\/ethikblogs.de\/index.php?rest_route=\/wp\/v2\/posts\/2159","targetHints":{"allow":["GET"]}}],"collection":[{"href":"https:\/\/ethikblogs.de\/index.php?rest_route=\/wp\/v2\/posts"}],"about":[{"href":"https:\/\/ethikblogs.de\/index.php?rest_route=\/wp\/v2\/types\/post"}],"author":[{"embeddable":true,"href":"https:\/\/ethikblogs.de\/index.php?rest_route=\/wp\/v2\/users\/76"}],"replies":[{"embeddable":true,"href":"https:\/\/ethikblogs.de\/index.php?rest_route=%2Fwp%2Fv2%2Fcomments&post=2159"}],"version-history":[{"count":0,"href":"https:\/\/ethikblogs.de\/index.php?rest_route=\/wp\/v2\/posts\/2159\/revisions"}],"wp:attachment":[{"href":"https:\/\/ethikblogs.de\/index.php?rest_route=%2Fwp%2Fv2%2Fmedia&parent=2159"}],"wp:term":[{"taxonomy":"category","embeddable":true,"href":"https:\/\/ethikblogs.de\/index.php?rest_route=%2Fwp%2Fv2%2Fcategories&post=2159"},{"taxonomy":"post_tag","embeddable":true,"href":"https:\/\/ethikblogs.de\/index.php?rest_route=%2Fwp%2Fv2%2Ftags&post=2159"}],"curies":[{"name":"wp","href":"https:\/\/api.w.org\/{rel}","templated":true}]}}