{"id":216,"date":"2012-01-04T00:15:15","date_gmt":"2012-01-03T22:15:15","guid":{"rendered":"http:\/\/ethik13.wordpress.com\/?p=216"},"modified":"2012-01-04T00:15:15","modified_gmt":"2012-01-03T22:15:15","slug":"216","status":"publish","type":"post","link":"https:\/\/ethikblogs.de\/?p=216","title":{"rendered":"Kinderarmut in Deutschland"},"content":{"rendered":"<p><a href=\"http:\/\/www.ig-soziale-gerechtigkeit.wg.am\/kinderarmut.jpg\">http:\/\/www.ig-soziale-gerechtigkeit.wg.am\/kinderarmut.jpg<\/a><\/p>\n<p>Kinder sind tolle Wesen. Sie lachen, wenn sie fr\u00f6hlich sind und weinen, wenn sie traurig sind. Sie verstellen sich nicht! Sie sind, wer sie sind. Sie habe ihr ganzes Leben vor sich und haben alle M\u00f6glichkeiten.<br \/>\nDoch leider gibt es bei einigen Kindern in unserer Gesellschaft nicht viel zu lachen und die Zukunft von ihnen ist ziemlich eingeschr\u00e4nkt. Von Anfang an befinden sie sich in einer Schublade aus der man nur schwer rauskommt.<br \/>\nDas betrifft die 2,5 Millionen Kinder, die unter der Armutsgrenze leben.<\/p>\n<p><span style=\"text-decoration:underline;\">Welche Probleme zieht das nach sich?<\/span><\/p>\n<p>Ein Kind (Ich nenne es Lisa) wird in eine Familie hineingeboren in der die Eltern von Hartz4 leben. Von Anfang an ist nicht genug Geld f\u00fcr Lisa da. Angefangen bei Spielsachen bis zu einer ausgewogenen Ern\u00e4hrung. Im Kindergarten ist sie schon immer das Kind mit den komischen und kaputten Kleidern. Schon in jungen Jahren lernt sie, was es bedeutet, in unserer Gesellschaft \u201canders\u201c zu sein. Lisa wird \u00e4lter und\u00a0 kommt in die Schule. Es ist kein Geld da f\u00fcr ein Pausenbrot und auch das Fr\u00fchst\u00fcck f\u00e4llt sehr mager aus. Mit knurrendem Magen versucht Lisa sich zu konzentrieren, was ihr sehr schwer f\u00e4llt. Vor allem in Mathe hat Lisa starke Probleme, doch wegen dem fehlenden Geld ist es ihr nicht m\u00f6glich Nachhilfeunterricht zu nehmen. So bekommt sie eine schlechte Note nach der anderen. Im Mai wird Lisa acht Jahre alt. Aber auf die Frage ob sie ihren Geburtstag mit ein paar Freunden feiern d\u00fcrfte, antworteten ihre Eltern nur: \u201eMit welchem Geld sollen wir einen Geburtstag \u00a0finanzieren?\u201c Aber da sie keine Freunde einladen kann, wird sie auch nicht mehr zu den Geburtstagen von andern Kindern eingeladen. Auch kann sie nicht in die Musikschule oder in den Turnverein. Nach und nach wird sie zu einer Au\u00dfenseiterin, weil sie nirgends mitmacht und Kontakte kn\u00fcpfen kann. Lisa ist jetzt in der vierten Klasse. Aber mit ihren schlechten Noten schafft sie es gerade auf die Hauptschule. Und auch dort wird es nicht besser mit den Noten. Mit M\u00fche und Not schafft sie ihren Abschluss. Aber eine Chance auf eine gute Ausbildung\/ Arbeitsplatz hat sie nicht, niemand will sie mit ihren schlechten Noten. Sie jobbt eine Weile. Aber die Sorgen um das Geld werden so gro\u00df, dass Lisa anf\u00e4ngt sie im Alkohol zu ertr\u00e4nken.<\/p>\n<p>Man sieht ein Kind, das die gleichen Chancen haben sollte wie alle anderen, aber eigentlich seit ihrer Geburt gebrandmarkt ist. Kinder wie Lisa k\u00f6nnen ohne Hilfe selten aus dem Loch der Armut rauskommen und haben nie die gleichen Chancen im Leben wie es z.B. ein Kind von einem Arzt hat.<\/p>\n<p>Was denkt ihr? Was w\u00e4re eine gute M\u00f6glichkeit, Kindern wie Lisa zu helfen? Wer ist \u00fcberhaupt f\u00fcr Kinder aus sozial schwache Familien verantwortlich?<\/p>\n","protected":false},"excerpt":{"rendered":"<p>http:\/\/www.ig-soziale-gerechtigkeit.wg.am\/kinderarmut.jpg Kinder sind tolle Wesen. Sie lachen, wenn sie fr\u00f6hlich sind und weinen, wenn sie traurig sind. Sie verstellen sich nicht! Sie sind, wer sie sind. Sie habe ihr ganzes Leben vor sich und haben alle M\u00f6glichkeiten. Doch leider gibt es bei einigen Kindern in unserer Gesellschaft nicht viel zu lachen und die Zukunft von [&hellip;]<\/p>\n","protected":false},"author":76,"featured_media":0,"comment_status":"open","ping_status":"open","sticky":false,"template":"","format":"standard","meta":{"footnotes":""},"categories":[15],"tags":[],"class_list":["post-216","post","type-post","status-publish","format-standard","hentry","category-philosophieren","missing-thumbnail"],"_links":{"self":[{"href":"https:\/\/ethikblogs.de\/index.php?rest_route=\/wp\/v2\/posts\/216","targetHints":{"allow":["GET"]}}],"collection":[{"href":"https:\/\/ethikblogs.de\/index.php?rest_route=\/wp\/v2\/posts"}],"about":[{"href":"https:\/\/ethikblogs.de\/index.php?rest_route=\/wp\/v2\/types\/post"}],"author":[{"embeddable":true,"href":"https:\/\/ethikblogs.de\/index.php?rest_route=\/wp\/v2\/users\/76"}],"replies":[{"embeddable":true,"href":"https:\/\/ethikblogs.de\/index.php?rest_route=%2Fwp%2Fv2%2Fcomments&post=216"}],"version-history":[{"count":0,"href":"https:\/\/ethikblogs.de\/index.php?rest_route=\/wp\/v2\/posts\/216\/revisions"}],"wp:attachment":[{"href":"https:\/\/ethikblogs.de\/index.php?rest_route=%2Fwp%2Fv2%2Fmedia&parent=216"}],"wp:term":[{"taxonomy":"category","embeddable":true,"href":"https:\/\/ethikblogs.de\/index.php?rest_route=%2Fwp%2Fv2%2Fcategories&post=216"},{"taxonomy":"post_tag","embeddable":true,"href":"https:\/\/ethikblogs.de\/index.php?rest_route=%2Fwp%2Fv2%2Ftags&post=216"}],"curies":[{"name":"wp","href":"https:\/\/api.w.org\/{rel}","templated":true}]}}