{"id":250,"date":"2012-01-21T15:34:48","date_gmt":"2012-01-21T13:34:48","guid":{"rendered":"http:\/\/ethik13.wordpress.com\/?p=250"},"modified":"2012-01-21T15:34:48","modified_gmt":"2012-01-21T13:34:48","slug":"250","status":"publish","type":"post","link":"https:\/\/ethikblogs.de\/?p=250","title":{"rendered":"Kraft des Feuers"},"content":{"rendered":"<figure id=\"attachment_298\" aria-describedby=\"caption-attachment-298\" style=\"width: 394px\" class=\"wp-caption aligncenter\"><a href=\"http:\/\/ethikblogs.de\/wp-content\/uploads\/2012\/01\/img_8284.jpg\"><img loading=\"lazy\" decoding=\"async\" class=\" wp-image-298 \" title=\"IMG_8284\" src=\"http:\/\/ethikblogs.de\/wp-content\/uploads\/2012\/01\/img_8284.jpg?w=300\" alt=\"\" width=\"394\" height=\"262\" srcset=\"https:\/\/ethikblogs.de\/wp-content\/uploads\/2012\/01\/img_8284.jpg 2352w, https:\/\/ethikblogs.de\/wp-content\/uploads\/2012\/01\/img_8284-300x200.jpg 300w, https:\/\/ethikblogs.de\/wp-content\/uploads\/2012\/01\/img_8284-768x512.jpg 768w, https:\/\/ethikblogs.de\/wp-content\/uploads\/2012\/01\/img_8284-1024x683.jpg 1024w, https:\/\/ethikblogs.de\/wp-content\/uploads\/2012\/01\/img_8284-345x230.jpg 345w\" sizes=\"auto, (max-width: 394px) 100vw, 394px\" \/><\/a><figcaption id=\"caption-attachment-298\" class=\"wp-caption-text\">\u00a9 Johannes Peetz<\/figcaption><\/figure>\n<p style=\"text-align:justify;\">Ich wache auf. Drau\u00dfen ist es kalt und grau. Noch im Halbschlaf laufe ich ins Wohnzimmer. Ich reibe mir den Schlaf aus den Augen. Es ist ein Wintermorgen. Das Licht ist noch aus. Gerne beginne ich meinen Tag im Dunkeln. Gerade noch erkenne ich die Konturen der M\u00f6bel. Mir ist kalt. Ich gehe zum Ofen und entferne die Asche vom Vortag. Dabei freue ich mich schon auf das Knistern, das Knacken des Feuers.<\/p>\n<p style=\"text-align:justify;\">Aus der Kommode, der mittleren Schublade, hole ich einen Grill-Anz\u00fcnder und Z\u00fcndh\u00f6lzer<em><\/em>. \u00a0 \u00a0 \u00a0 \u00a0 \u00a0 \u00a0 \u00a0 \u00a0 \u00a0 \u00a0 \u00a0 \u00a0 \u00a0 \u00a0 \u00a0 \u00a0 \u00a0 \u2013 Dabei denke ich mir: Haben wir noch genug Anz\u00fcnder und Streichh\u00f6lzer? M\u00fcssen wir noch welche kaufen? &#8211;<\/p>\n<p style=\"text-align:justify;\">Am Ofen lege ich den Anz\u00fcnder in die dunkle und leere Brennkammer. Nun schichte ich kleine H\u00f6lzer und Reisig auf den Anz\u00fcnder. Ich achte darauf, dass noch genug &#8222;Luft&#8220; f\u00fcr das Feuer da ist.<\/p>\n<p style=\"padding-left:30px;text-align:justify;\"><em>Erinnerungen kommen auf. Ich denke an den Sp\u00e4tsommer. Die Zeit im Wald mit meinem Vater und meinen Geschwistern als wir Holz holten. Wir gingen fr\u00fch morgens in unseren Wald. F\u00e4llten ein paar kranke und sturmgesch\u00e4digte B\u00e4ume. Die \u00c4ste entfernten wir mit der Axt und der Motors\u00e4ge. Dann schnitten wir die St\u00e4mme auf ein Meter St\u00fccke zurecht, spalteten sie. Auf dem H\u00e4nger nahmen wir sie mit nach Hause und verarbeiteten sie ofengerecht.<br \/>\n<\/em><\/p>\n<p style=\"text-align:justify;\"><em><\/em>Nun nehme ich ein Streichholz aus der Schachtel, reibe es an der rauen Fl\u00e4che entlang. KCRCKKK \u2013 kaputt. Mit dem n\u00e4chsten Streichholz habe ich Gl\u00fcck. Es zischt. Aus einem kleinen Funken entsteht eine Flamme. Warmes Licht erleuchtet kurz die Umgebung. Jetzt aber schnell in den Ofen damit. Um mir die H\u00e4nde nicht zu verbrennen versuche ich den Anz\u00fcnder zu entz\u00fcnden. Es gelingt. Die Flamme frisst sich in das Holz und den Reisig hinein. Ich lege vorsichtig Weichholz auf. In die morgendliche Ruhe mischt sich jetzt das zunehmende Ziehen des Feuers. Ich erfreue mich daran. Nun kann mir das Feuer nicht mehr ausgehen. Jetzt wird es bald warm.<\/p>\n<p style=\"text-align:justify;\">Bald darauf lege ich in die Flammen gr\u00f6\u00dfere St\u00fccke Hartholz. Das Feuer gewinnt mit zunehmender &#8222;Nahrung&#8220; an Kraft. M\u00e4chtig, gro\u00df, fast schon bedrohlich wirkt es. Zum Gl\u00fcck ist das Feuer im Ofen sicher eingeschlossen. Ich beobachte das Feuer. Ich sp\u00fcre die intensive Hitze auf meinem Gesicht. Die Flammen z\u00fcngeln, als wollen sie spielen. In der zunehmenden W\u00e4rme und dem zunehmenden Licht, f\u00fchle ich mich wohl und geborgen. Ich bin erf\u00fcllt mit tiefer Zufriedenheit.<\/p>\n<p style=\"text-align:justify;\">Das Anz\u00fcnden des Feuers am Morgen, bedeutet mir sehr viel. Es hilft mir, dass ich in Stille und Gelassenheit den Tag beginnen kann.<\/p>\n<p style=\"text-align:justify;\">Welche Bedeutung hat das Feuer speziell f\u00fcr dich?<\/p>\n","protected":false},"excerpt":{"rendered":"<p>Ich wache auf. Drau\u00dfen ist es kalt und grau. Noch im Halbschlaf laufe ich ins Wohnzimmer. Ich reibe mir den Schlaf aus den Augen. Es ist ein Wintermorgen. Das Licht ist noch aus. Gerne beginne ich meinen Tag im Dunkeln. Gerade noch erkenne ich die Konturen der M\u00f6bel. Mir ist kalt. Ich gehe zum Ofen [&hellip;]<\/p>\n","protected":false},"author":76,"featured_media":0,"comment_status":"open","ping_status":"open","sticky":false,"template":"","format":"standard","meta":{"footnotes":""},"categories":[2],"tags":[],"class_list":["post-250","post","type-post","status-publish","format-standard","hentry","category-allgemein","missing-thumbnail"],"_links":{"self":[{"href":"https:\/\/ethikblogs.de\/index.php?rest_route=\/wp\/v2\/posts\/250","targetHints":{"allow":["GET"]}}],"collection":[{"href":"https:\/\/ethikblogs.de\/index.php?rest_route=\/wp\/v2\/posts"}],"about":[{"href":"https:\/\/ethikblogs.de\/index.php?rest_route=\/wp\/v2\/types\/post"}],"author":[{"embeddable":true,"href":"https:\/\/ethikblogs.de\/index.php?rest_route=\/wp\/v2\/users\/76"}],"replies":[{"embeddable":true,"href":"https:\/\/ethikblogs.de\/index.php?rest_route=%2Fwp%2Fv2%2Fcomments&post=250"}],"version-history":[{"count":0,"href":"https:\/\/ethikblogs.de\/index.php?rest_route=\/wp\/v2\/posts\/250\/revisions"}],"wp:attachment":[{"href":"https:\/\/ethikblogs.de\/index.php?rest_route=%2Fwp%2Fv2%2Fmedia&parent=250"}],"wp:term":[{"taxonomy":"category","embeddable":true,"href":"https:\/\/ethikblogs.de\/index.php?rest_route=%2Fwp%2Fv2%2Fcategories&post=250"},{"taxonomy":"post_tag","embeddable":true,"href":"https:\/\/ethikblogs.de\/index.php?rest_route=%2Fwp%2Fv2%2Ftags&post=250"}],"curies":[{"name":"wp","href":"https:\/\/api.w.org\/{rel}","templated":true}]}}