{"id":2618,"date":"2014-03-19T22:52:04","date_gmt":"2014-03-19T21:52:04","guid":{"rendered":"http:\/\/ethik13.wordpress.com\/?p=2618"},"modified":"2014-03-19T22:52:04","modified_gmt":"2014-03-19T21:52:04","slug":"kursprotokoll-doppelstunde-12-03-2014","status":"publish","type":"post","link":"https:\/\/ethikblogs.de\/?p=2618","title":{"rendered":"Kursprotokoll Doppelstunde 12.03.2014"},"content":{"rendered":"<p>Gymnasium Gerabronn; Ethik Grundkurs K1; alle (12) anwesend<br \/>\nThemen\/Gliederung: 1) Erinnerung an Kant, 2) Freiheit und Sittlichkeit, 3) Das Flo\u00df; 12.03.2014<br \/>\nProtokollant: uschili<\/p>\n<p><span style=\"text-decoration:underline;\">1) Erinnerung an Kant<\/span><\/p>\n<p>Zun\u00e4chst haben wir in Gruppen die Herleitung des kategorischen Imperativs aus der Freiheit bearbeitet. Daf\u00fcr sollten wir verschieden Stichpunkte logisch sortieren. Hier ist eine von vielen L\u00f6sungen aufgezeigt.<a href=\"http:\/\/ethikblogs.de\/wp-content\/uploads\/2014\/03\/img_08391.jpg\"><img loading=\"lazy\" decoding=\"async\" class=\"alignnone size-medium wp-image-2673\" alt=\"IMG_0839[1]\" src=\"http:\/\/ethikblogs.de\/wp-content\/uploads\/2014\/03\/img_08391.jpg?w=300\" width=\"300\" height=\"225\" srcset=\"https:\/\/ethikblogs.de\/wp-content\/uploads\/2014\/03\/img_08391.jpg 3264w, https:\/\/ethikblogs.de\/wp-content\/uploads\/2014\/03\/img_08391-300x225.jpg 300w, https:\/\/ethikblogs.de\/wp-content\/uploads\/2014\/03\/img_08391-768x576.jpg 768w, https:\/\/ethikblogs.de\/wp-content\/uploads\/2014\/03\/img_08391-1024x768.jpg 1024w, https:\/\/ethikblogs.de\/wp-content\/uploads\/2014\/03\/img_08391-307x230.jpg 307w\" sizes=\"auto, (max-width: 300px) 100vw, 300px\" \/><\/a> <a href=\"http:\/\/ethikblogs.de\/wp-content\/uploads\/2014\/03\/img_08401.jpg\"><img loading=\"lazy\" decoding=\"async\" class=\"alignnone size-medium wp-image-2674\" alt=\"IMG_0840[1]\" src=\"http:\/\/ethikblogs.de\/wp-content\/uploads\/2014\/03\/img_08401.jpg?w=300\" width=\"300\" height=\"225\" srcset=\"https:\/\/ethikblogs.de\/wp-content\/uploads\/2014\/03\/img_08401.jpg 3264w, https:\/\/ethikblogs.de\/wp-content\/uploads\/2014\/03\/img_08401-300x225.jpg 300w, https:\/\/ethikblogs.de\/wp-content\/uploads\/2014\/03\/img_08401-768x576.jpg 768w, https:\/\/ethikblogs.de\/wp-content\/uploads\/2014\/03\/img_08401-1024x768.jpg 1024w, https:\/\/ethikblogs.de\/wp-content\/uploads\/2014\/03\/img_08401-307x230.jpg 307w\" sizes=\"auto, (max-width: 300px) 100vw, 300px\" \/><\/a> <a href=\"http:\/\/ethikblogs.de\/wp-content\/uploads\/2014\/03\/img_08411.jpg\"><img loading=\"lazy\" decoding=\"async\" class=\"alignnone size-medium wp-image-2675\" alt=\"IMG_0841[1]\" src=\"http:\/\/ethikblogs.de\/wp-content\/uploads\/2014\/03\/img_08411.jpg?w=300\" width=\"300\" height=\"225\" srcset=\"https:\/\/ethikblogs.de\/wp-content\/uploads\/2014\/03\/img_08411.jpg 3264w, https:\/\/ethikblogs.de\/wp-content\/uploads\/2014\/03\/img_08411-300x225.jpg 300w, https:\/\/ethikblogs.de\/wp-content\/uploads\/2014\/03\/img_08411-768x576.jpg 768w, https:\/\/ethikblogs.de\/wp-content\/uploads\/2014\/03\/img_08411-1024x768.jpg 1024w, https:\/\/ethikblogs.de\/wp-content\/uploads\/2014\/03\/img_08411-307x230.jpg 307w\" sizes=\"auto, (max-width: 300px) 100vw, 300px\" \/><\/a><br \/>\nZum Abschluss des Themas &#8222;Kant&#8220; befassten wir uns mit Seite 11\/12 und definierten technische und pragmatische Imperative, sowie Maximen (siehe \u00dcbersicht im <a href=\"http:\/\/ethik13.wordpress.com\/2014\/03\/19\/kursprotokoll-doppelstunde-12-03-2014\/ethik-protokoll\/\" rel=\"attachment wp-att-2668\">Ethik Protokoll<\/a>).<\/p>\n<p><span style=\"text-decoration:underline;\">2) Freiheit und Sittlichkeit<\/span><\/p>\n<p>Wir haben die <strong>Goldene Regel<\/strong> mit dem <strong>Kategorischen Imperativ<\/strong> verglichen (S.13).<br \/>\nZu den <strong>Gemeinsamkeiten<\/strong> geh\u00f6ren der Handlungsleitsatz als Richtlinie, der Perspektivwechsel sowie die Verallgemeinerung, so dass es jeweils f\u00fcr alle Menschen g\u00fcltig ist.<br \/>\nJedoch ist bei den\u00a0<strong>Unterschieden\u00a0<\/strong>zu beachten, dass sich die Goldene Regel auf die Handlung und deren Folgen bezieht, w\u00e4hrend der Kategorische Imperativ stets die Motive betrachtet. W\u00e4hrend die Goldene Regel das Handeln aus Selbstzweck und somit den hypothetischen Imperativ hervorruft, handelt man beim Kategorischen Imperativ aus Vernunft (kategorischer Imperativ).<\/p>\n<p><span style=\"text-decoration:underline;\">3) Das Flo\u00df<\/span><\/p>\n<p>Der Kurzfilm &#8222;Das Flo\u00df&#8220; handelt von zwei abgemagerten Schiffsbr\u00fcchigen, die auf einem Flo\u00df auf dem offenen Meer treiben. Die zwei vor Hunger fast sterbenden M\u00e4nner k\u00e4mpfen um einen gefangenen Fisch. Einer der beiden f\u00e4llt ins Wasser, ihm n\u00e4hert sich ein Hai. Der Fisch landet auf dem Flo\u00df. Als sich eine M\u00f6we dem Fisch n\u00e4hert, muss der andere sich entscheiden, ob er dem einen aus dem Wasser hilft oder sich auf den Fisch konzentriert. An dieser Stelle stoppten wir den Film und \u00fcberlegten uns Beweggr\u00fcnde wie Egoismus, schlechtes Gewissen, etc. Diese ordneten wir der <strong>deontologischen<\/strong> (deon=Pflicht; auch Gesinnung) bzw. der <strong>teleologischen<\/strong> (telos=Ziel\/Wirkung) <strong>Ethik<\/strong> zu (siehe Tabelle im <a href=\"http:\/\/ethik13.wordpress.com\/2014\/03\/19\/kursprotokoll-doppelstunde-12-03-2014\/ethik-protokoll\/\" rel=\"attachment wp-att-2668\">Ethik Protokoll<\/a>).<br \/>\nUnsere Vermutung, er w\u00fcrde zu dem Fisch rennen, obgleich die Argumente sich f\u00fcr seinen m\u00f6glichen Freund zu entscheiden \u00fcberwogen, best\u00e4tigte sich, jedoch starb er ebenfalls.<\/p>\n","protected":false},"excerpt":{"rendered":"<p>Gymnasium Gerabronn; Ethik Grundkurs K1; alle (12) anwesend Themen\/Gliederung: 1) Erinnerung an Kant, 2) Freiheit und Sittlichkeit, 3) Das Flo\u00df; 12.03.2014 Protokollant: uschili 1) Erinnerung an Kant Zun\u00e4chst haben wir in Gruppen die Herleitung des kategorischen Imperativs aus der Freiheit bearbeitet. Daf\u00fcr sollten wir verschieden Stichpunkte logisch sortieren. Hier ist eine von vielen L\u00f6sungen aufgezeigt. [&hellip;]<\/p>\n","protected":false},"author":76,"featured_media":0,"comment_status":"open","ping_status":"open","sticky":false,"template":"","format":"standard","meta":{"footnotes":""},"categories":[2,5,6,7,14,16],"tags":[28,37,51,55],"class_list":["post-2618","post","type-post","status-publish","format-standard","hentry","category-allgemein","category-film","category-freiheit","category-gerabronn","category-philosophie","category-protokolle","tag-deontologische-ethik","tag-kant","tag-sittlichkeit","tag-teleologische-ethik","missing-thumbnail"],"_links":{"self":[{"href":"https:\/\/ethikblogs.de\/index.php?rest_route=\/wp\/v2\/posts\/2618","targetHints":{"allow":["GET"]}}],"collection":[{"href":"https:\/\/ethikblogs.de\/index.php?rest_route=\/wp\/v2\/posts"}],"about":[{"href":"https:\/\/ethikblogs.de\/index.php?rest_route=\/wp\/v2\/types\/post"}],"author":[{"embeddable":true,"href":"https:\/\/ethikblogs.de\/index.php?rest_route=\/wp\/v2\/users\/76"}],"replies":[{"embeddable":true,"href":"https:\/\/ethikblogs.de\/index.php?rest_route=%2Fwp%2Fv2%2Fcomments&post=2618"}],"version-history":[{"count":0,"href":"https:\/\/ethikblogs.de\/index.php?rest_route=\/wp\/v2\/posts\/2618\/revisions"}],"wp:attachment":[{"href":"https:\/\/ethikblogs.de\/index.php?rest_route=%2Fwp%2Fv2%2Fmedia&parent=2618"}],"wp:term":[{"taxonomy":"category","embeddable":true,"href":"https:\/\/ethikblogs.de\/index.php?rest_route=%2Fwp%2Fv2%2Fcategories&post=2618"},{"taxonomy":"post_tag","embeddable":true,"href":"https:\/\/ethikblogs.de\/index.php?rest_route=%2Fwp%2Fv2%2Ftags&post=2618"}],"curies":[{"name":"wp","href":"https:\/\/api.w.org\/{rel}","templated":true}]}}