{"id":2861,"date":"2014-09-25T20:14:28","date_gmt":"2014-09-25T19:14:28","guid":{"rendered":"http:\/\/ethik13.wordpress.com\/?p=2861"},"modified":"2014-09-25T20:14:28","modified_gmt":"2014-09-25T19:14:28","slug":"doppelstundenzusammenfassung-3","status":"publish","type":"post","link":"https:\/\/ethikblogs.de\/?p=2861","title":{"rendered":"Doppelstundenzusammenfassung"},"content":{"rendered":"<p>Gymnasium Gerabronn, Ethikgrundkurs K2, letzte Stunde: Donnerstag, 25. September 2014, Themen: 1) Darf man einen Tyrannen t\u00f6ten? 2) Grundbegriffe Recht &amp; Gerechtigkeit 3) Gibt es einen gerechten Krieg?<\/p>\n<p>Protokollant: dietugend\/ dt<\/p>\n<p>Anzahl der Anwesenden: 11<\/p>\n<p>1) Zu diesem Thema haben wir zwei Artikel aus einem Philosophie Magazin gelesen. Dann versuchten wir die Frage zu beantworten, ob man den Tyrannen t\u00f6ten darf. Dabei kamen wir zu dem Schluss, dass die Beantwortung dieser Frage sehr schwierig ist.<\/p>\n<p><strong>Argumente f\u00fcr eine T\u00f6tung des Tyrannen<\/strong>:<br \/>\nWenn man den Tyrannen t\u00f6tet, kann man <strong>viele Tote verhindern (utilitaristische Sichtweise)<\/strong>. Daher sind in diesem Fall praktische Gr\u00fcnde wichtiger als Moral, zudem ist eine <strong>Festnahme<\/strong> oftmals schwierig und <strong>risikoreicher<\/strong> als der Tod des Tyrannen. Dar\u00fcber hinaus kann man so <strong>Rache<\/strong> am Tyrannen nehmen. F\u00fcr eine T\u00f6tung spricht ebenso die These, dass Gegner nur<strong> Angst vor R\u00fcckschl\u00e4gen<\/strong> haben.<\/p>\n<p><strong>Argumente gegen die T\u00f6tung des Tyrannen<\/strong>:<br \/>\nTrotz der T\u00f6tung des Tyrannen gibt es <strong>keinen stabilen Frieden<\/strong>, nur einen erzwungenen, zudem stellt sich die Frage, ob man andere <strong>t\u00f6ten darf<\/strong> und<strong> wer<\/strong> dies <strong>entscheiden sollte.<\/strong> Ein weiteres Argument ist, dass die T\u00f6tung einer <strong>Vergeltung<\/strong> gleich k\u00e4me und man sich somit auf die gleiche Stufe stellen w\u00fcrde wie der Gewaltt\u00e4ter. Dar\u00fcber hinaus forderten manche Sch\u00fcler einen fairen Prozess f\u00fcr den Tyrannen, um <strong>Gerechtigkeit<\/strong> zu garantieren und dass der T\u00e4ter zur Rechenschaft gezogen werden soll. \u00dcberdies steht die Garantierung der <strong>Menschenrechte<\/strong> der T\u00f6tung entgegen. Wenn der Tyrann get\u00f6tet wird, entsteht oftmals auch eine <strong>Gef\u00e4hrdung unschuldiger Menschen<\/strong>. Zudem stellt sich die Frage nach dem <strong>Sinn von Strafe<\/strong>.<\/p>\n<p>2) <strong>Recht und Gerechtigkeit<\/strong><br \/>\nZu diesem Thema bekamen wir ein Blatt mit dem Titel: Grundbegriffe Recht &amp; Gerechtigkeit.<\/p>\n<p>3) Zuletzt beantworteten wir die Frage, ob es einen <strong>gerechten Krieg<\/strong> geben k\u00f6nne.<\/p>\n<p><strong>Argumente f\u00fcr einen gerechten Krieg:<\/strong><br \/>\nManchmal ist es f\u00fcr einen Staat notwendig sich zu<strong> verteidigen<\/strong>, zudem kann ein Krieg der<strong> letzte Ausweg<\/strong> sein (wenn andere Mittel nicht erfolgreich waren, dt).<\/p>\n<p><strong>Argumente gegen einen gerechten Krieg:<\/strong><br \/>\nIm Krieg gibt es immer <strong>unschuldige Opfer,<\/strong> daher kann es keinen gerechten Krieg geben. Man kann <strong>Massenmord<\/strong> auch <strong>nicht durch Massenmord vergelten<\/strong>. Dar\u00fcber hinaus wird die <strong>Menschenw\u00fcrde<\/strong> im Krieg verletzt und dieser steht dem <strong>echten Dialog zwischen Kulturen<\/strong> im Weg.<\/p>\n","protected":false},"excerpt":{"rendered":"<p>Gymnasium Gerabronn, Ethikgrundkurs K2, letzte Stunde: Donnerstag, 25. September 2014, Themen: 1) Darf man einen Tyrannen t\u00f6ten? 2) Grundbegriffe Recht &amp; Gerechtigkeit 3) Gibt es einen gerechten Krieg? Protokollant: dietugend\/ dt Anzahl der Anwesenden: 11 1) Zu diesem Thema haben wir zwei Artikel aus einem Philosophie Magazin gelesen. Dann versuchten wir die Frage zu beantworten, [&hellip;]<\/p>\n","protected":false},"author":76,"featured_media":0,"comment_status":"open","ping_status":"open","sticky":false,"template":"","format":"standard","meta":{"footnotes":""},"categories":[2],"tags":[],"class_list":["post-2861","post","type-post","status-publish","format-standard","hentry","category-allgemein","missing-thumbnail"],"_links":{"self":[{"href":"https:\/\/ethikblogs.de\/index.php?rest_route=\/wp\/v2\/posts\/2861","targetHints":{"allow":["GET"]}}],"collection":[{"href":"https:\/\/ethikblogs.de\/index.php?rest_route=\/wp\/v2\/posts"}],"about":[{"href":"https:\/\/ethikblogs.de\/index.php?rest_route=\/wp\/v2\/types\/post"}],"author":[{"embeddable":true,"href":"https:\/\/ethikblogs.de\/index.php?rest_route=\/wp\/v2\/users\/76"}],"replies":[{"embeddable":true,"href":"https:\/\/ethikblogs.de\/index.php?rest_route=%2Fwp%2Fv2%2Fcomments&post=2861"}],"version-history":[{"count":0,"href":"https:\/\/ethikblogs.de\/index.php?rest_route=\/wp\/v2\/posts\/2861\/revisions"}],"wp:attachment":[{"href":"https:\/\/ethikblogs.de\/index.php?rest_route=%2Fwp%2Fv2%2Fmedia&parent=2861"}],"wp:term":[{"taxonomy":"category","embeddable":true,"href":"https:\/\/ethikblogs.de\/index.php?rest_route=%2Fwp%2Fv2%2Fcategories&post=2861"},{"taxonomy":"post_tag","embeddable":true,"href":"https:\/\/ethikblogs.de\/index.php?rest_route=%2Fwp%2Fv2%2Ftags&post=2861"}],"curies":[{"name":"wp","href":"https:\/\/api.w.org\/{rel}","templated":true}]}}