{"id":2882,"date":"2014-10-25T22:39:05","date_gmt":"2014-10-25T21:39:05","guid":{"rendered":"http:\/\/ethik13.wordpress.com\/?p=2882"},"modified":"2014-10-25T22:39:05","modified_gmt":"2014-10-25T21:39:05","slug":"ist-es-gerechtfertigt-ehemalige-terroristen-zu-begnadigen","status":"publish","type":"post","link":"https:\/\/ethikblogs.de\/?p=2882","title":{"rendered":"Ist es zu rechtfertigen, ehemalige Terroristen zu begnadigen?"},"content":{"rendered":"<p>2009 \u00a0wurde f\u00fcr das ehemalige Mitglied der linksextremistischen Terrorgruppe &#8218;Revolution\u00e4re Zellen&#8216; (RZ), Hans-Joachim Klein, ein &#8218;Straferlass im Gnadenwege&#8216; verf\u00fcgt \u00a0(nur, um ein Beispiel zu nennen) (http:\/\/blog.beck.de\/2009\/03\/07\/ehemaliger-terrorist-hans-joachim-klein-begnadigt). M\u00f6glicherweise zurecht, da er das Recht auf die Wiedereingliederung in die Gesellschaft hat, das Recht, sich zu resozialisieren, so wie jeder andere T\u00e4ter auch. Hier gehen die Meinungen auseinander. Manche finden auch, dass diese Begnadigung nicht der richtige Entschluss war, weil\u00a0solche Terroristen\u00a0durch ihre Mordanschl\u00e4ge das Recht, in Freiheit zu leben, verwirkt h\u00e4tten und nat\u00fcrlich wei\u00df man nie, ob sie nicht eines Tages wieder zuschlagen werden, wenn sie noch immer ihrer radikalen Meinung anh\u00e4ngen. Oder sollte man es auch von der Einstellung abh\u00e4ngig machen? Sollte man schauen, ob sie ihre Taten bereuen und einsehen, dass sie sich der nun vorherrschenden Gesellschaftsordnung <em>anpassen\u00a0<\/em>m\u00fcssen?<\/p>\n","protected":false},"excerpt":{"rendered":"<p>2009 \u00a0wurde f\u00fcr das ehemalige Mitglied der linksextremistischen Terrorgruppe &#8218;Revolution\u00e4re Zellen&#8216; (RZ), Hans-Joachim Klein, ein &#8218;Straferlass im Gnadenwege&#8216; verf\u00fcgt \u00a0(nur, um ein Beispiel zu nennen) (http:\/\/blog.beck.de\/2009\/03\/07\/ehemaliger-terrorist-hans-joachim-klein-begnadigt). M\u00f6glicherweise zurecht, da er das Recht auf die Wiedereingliederung in die Gesellschaft hat, das Recht, sich zu resozialisieren, so wie jeder andere T\u00e4ter auch. Hier gehen die Meinungen auseinander. [&hellip;]<\/p>\n","protected":false},"author":76,"featured_media":0,"comment_status":"open","ping_status":"open","sticky":false,"template":"","format":"standard","meta":{"footnotes":""},"categories":[2],"tags":[],"class_list":["post-2882","post","type-post","status-publish","format-standard","hentry","category-allgemein","missing-thumbnail"],"_links":{"self":[{"href":"https:\/\/ethikblogs.de\/index.php?rest_route=\/wp\/v2\/posts\/2882","targetHints":{"allow":["GET"]}}],"collection":[{"href":"https:\/\/ethikblogs.de\/index.php?rest_route=\/wp\/v2\/posts"}],"about":[{"href":"https:\/\/ethikblogs.de\/index.php?rest_route=\/wp\/v2\/types\/post"}],"author":[{"embeddable":true,"href":"https:\/\/ethikblogs.de\/index.php?rest_route=\/wp\/v2\/users\/76"}],"replies":[{"embeddable":true,"href":"https:\/\/ethikblogs.de\/index.php?rest_route=%2Fwp%2Fv2%2Fcomments&post=2882"}],"version-history":[{"count":0,"href":"https:\/\/ethikblogs.de\/index.php?rest_route=\/wp\/v2\/posts\/2882\/revisions"}],"wp:attachment":[{"href":"https:\/\/ethikblogs.de\/index.php?rest_route=%2Fwp%2Fv2%2Fmedia&parent=2882"}],"wp:term":[{"taxonomy":"category","embeddable":true,"href":"https:\/\/ethikblogs.de\/index.php?rest_route=%2Fwp%2Fv2%2Fcategories&post=2882"},{"taxonomy":"post_tag","embeddable":true,"href":"https:\/\/ethikblogs.de\/index.php?rest_route=%2Fwp%2Fv2%2Ftags&post=2882"}],"curies":[{"name":"wp","href":"https:\/\/api.w.org\/{rel}","templated":true}]}}