{"id":2892,"date":"2014-11-05T22:57:48","date_gmt":"2014-11-05T21:57:48","guid":{"rendered":"http:\/\/ethik13.wordpress.com\/?p=2892"},"modified":"2014-11-05T22:57:48","modified_gmt":"2014-11-05T21:57:48","slug":"kursprotokoll-23-oktober-2014","status":"publish","type":"post","link":"https:\/\/ethikblogs.de\/?p=2892","title":{"rendered":"Kursprotokoll (23.Oktober 2014)"},"content":{"rendered":"<p>Protokoll vom 23.10.2014, 13:30-15:05 Uhr \u00a0f\u00fcr den Ethikkurs K2 des Gymnasium Gerabronns<\/p>\n<p>Themen: Todesstrafe, Menschenrechte<\/p>\n<p>Protokollant: ChibiMikuuu, 05.11.2014<\/p>\n<p>Anzahl der Anwesenden: vollst\u00e4ndig; 10 Sch\u00fcler<\/p>\n<hr \/>\n<p>&nbsp;<\/p>\n<h5><strong>Verlauf:\u00a0<\/strong><\/h5>\n<ul>\n<li>Argumente Pro\/Contra: Todesstrafe<\/li>\n<li>Menschenrechte<\/li>\n<li>Vergleich: Islamische\/afrikanische Menschenrechte im Vergleich (noch nicht zusammengetragen)<\/li>\n<\/ul>\n<hr \/>\n<h5><strong>Todesstrafe:<\/strong><\/h5>\n<p>Als Todesstrafe bezeichnet man die T\u00f6tung eines Menschen als gesetzliche Strafe f\u00fcr ein schwerwiegendes begangenes Verbrechen. Was spricht nun f\u00fcr bzw. gegen diese Art von Bestrafung?<\/p>\n<h6 style=\"text-align:center;\">1. Abschreckung<\/h6>\n<p style=\"text-align:left;\"><span style=\"text-decoration:underline;\">Pro:<\/span><\/p>\n<p style=\"text-align:left;\">Mit der Angst\u00a0sein Leben verlieren zu k\u00f6nnen, \u00fcberlegt es sich mancher zweimal ob er diese Tat begehen will.<\/p>\n<p style=\"text-align:right;\"><span style=\"text-decoration:underline;\">Kontra:<\/span><\/p>\n<p style=\"text-align:right;\">Es gibt keine wissenschaftlichen Beweise, dass dem wirklich so sei.<\/p>\n<p style=\"text-align:center;\">Beispiel hierf\u00fcr w\u00e4re England im 18. Jahrhundert. Damals konnte man bereits beim kleinen Diebstahl an den Strang gebracht werden. Dieses \u00f6ffentliche Spektakel jedoch beg\u00fcnstigte weitere Diebe durch das Gedr\u00e4nge.<\/p>\n<h6 style=\"text-align:center;\">2. Vergeltung<\/h6>\n<p style=\"text-align:left;\"><span style=\"text-decoration:underline;\">Pro:<\/span><\/p>\n<p style=\"text-align:left;\">Gerecht ist gleiches mit gleichem zu vergelten.<\/p>\n<p style=\"text-align:right;\"><span style=\"text-decoration:underline;\">Kontra:<\/span><\/p>\n<p style=\"text-align:right;\">Das Verbrechen wird durch den Tod des T\u00e4ters nicht ungeschehen gemacht. Die Todesstrafe w\u00fcrde nur als Zweck genutzt um Rache auszu\u00fcben.<\/p>\n<p style=\"text-align:center;\">Der Staat w\u00fcrde moralisch ungerecht vergelten. Er selbst w\u00e4re nicht besser als der T\u00e4ter.<\/p>\n<h6 style=\"text-align:center;\">3. Terrorismus als Ausnahme<\/h6>\n<p><span style=\"text-decoration:underline;\">Pro:<\/span><\/p>\n<p>Terroristen stellen eine Gefahr f\u00fcr den Staat und die Gesellschaft dar.<\/p>\n<p style=\"text-align:right;\"><span style=\"text-decoration:underline;\">Kontra:<\/span><\/p>\n<p style=\"text-align:right;\">Todesstrafe n\u00fctzt in ihrem Fall nichts, da sie die Straftaten aus \u00dcberzeugung \u00a0begehen. Nicht selten schreckt auch der Tod sie nicht ab, wie man z.B bei Selbstmordattent\u00e4tern sieht.<\/p>\n<p style=\"text-align:center;\">Wenn \u00a0man nun aber sagen w\u00fcrde, dass ein T\u00e4ter nicht mehr aufgrund der Auswirkungen seiner Tat, sondern wegen seinen Beweggr\u00fcnden \u00a0hingerichtet werden soll w\u00fcrde das bedeuten, dass der T\u00e4ter mehr wegen seiner politischen Meinung als wegen seiner Tat bestraft werden w\u00fcrde.<\/p>\n<h6 style=\"text-align:center;\">4. Schutz der Gesellschaft<\/h6>\n<p><span style=\"text-decoration:underline;\">Pro:<\/span><\/p>\n<p style=\"text-align:left;\">Wer tot ist, kann keinen Schaden mehr anrichten.<\/p>\n<p style=\"text-align:right;\"><span style=\"text-decoration:underline;\">Kontra:<\/span><\/p>\n<p style=\"text-align:right;\">Es ist nicht bewiesen, dass ein Mensch immer wieder t\u00f6tet wen er dies bereits einmal getan hat. Die Todesstrafe w\u00e4re nur eine Pseudo Schutzma\u00dfnahme.<\/p>\n<p style=\"text-align:center;\">Die Gesellschaft muss vor solch gef\u00e4hrlichen Individuen gesch\u00fctzt werden, was sich jedoch auch durch Inhaftierung bewerkstelligen l\u00e4sst.<\/p>\n<h6 style=\"text-align:center;\">5. Kosten einer lebenslangen Haft<\/h6>\n<p><span style=\"text-decoration:underline;\">Pro:<\/span><\/p>\n<p>T\u00e4ter w\u00fcrden vom Geld des Steuerzahlers &#8222;durchgef\u00fcttert&#8220;.<\/p>\n<p style=\"text-align:right;\"><span style=\"text-decoration:underline;\">Kontra:<\/span><\/p>\n<p style=\"text-align:right;\">Die Kosten einer Hinrichtung (von Urteil bis Vollstreckung) sind weit h\u00f6her als die einer lebenslangen Haft.<\/p>\n<hr \/>\n<h5 style=\"text-align:left;\">Menschenrechte:<\/h5>\n<p>Definition nach der <a href=\"http:\/\/http:\/\/www.bpb.de\/wissen\/6O2BQL\" target=\"_blank\">BPB<\/a>:<\/p>\n<blockquote><p>Menschenrechte sind die angeborenen unver\u00e4u\u00dferlichen Rechte eines jeden Menschen, die die moralische und rechtliche Basis der Menschheit bilden. Sie sind vor- und \u00fcberstaatlich, d. h. h\u00f6her gestellt als die Rechte des Staates. Sie k\u00f6nnen daher auch nicht von diesem verliehen, sondern nur als solche anerkannt werden.<\/p><\/blockquote>\n<p>Dazu z\u00e4hlen:<\/p>\n<ul>\n<li>Gedankens-\/Wissens- und Religionsfreiheit<\/li>\n<li>Recht auf Arbeit<\/li>\n<li>Gleichberechtigung zwischen Mann und Frau<\/li>\n<li>Recht auf Nahrung<\/li>\n<li>Versammlungsfreiheit<\/li>\n<li>Recht auf Frieden<\/li>\n<li>Recht auf Freiheit<\/li>\n<li>Recht auf Leben<\/li>\n<li>Recht auf freie Meinungs\u00e4u\u00dferung<\/li>\n<li>Recht auf Bildung<\/li>\n<li>Recht auf Teilhabe an der Kultur<\/li>\n<li>Recht auf gleichen -lohn bei gleicher Arbeit<\/li>\n<li>Wahlrecht<\/li>\n<li>Recht auf Anerkennung<\/li>\n<li>Recht auf Gleichheit vor dem Gericht<\/li>\n<\/ul>\n<p>Zus\u00e4tzlich noch ein Film der &#8222;Wissenswerte&#8220;, die das Thema genauer beleuchten:<\/p>\n<h6 style=\"text-align:center;\"><a href=\"http:\/\/www.youtube.com\/watch?v=12uKuORCyBM\" target=\"_blank\">Wissenswerte: Menschenrechte<\/a><\/h6>\n<hr \/>\n<p style=\"text-align:left;\">Zum Punkt<\/p>\n<h5 style=\"text-align:left;\">Menschenrechte des Islams und Afrikas im Vergleich<\/h5>\n<p>gibt es noch keine Ergebnisse. Genaueres folgt in der n\u00e4chsten Stunde.<\/p>\n","protected":false},"excerpt":{"rendered":"<p>Protokoll vom 23.10.2014, 13:30-15:05 Uhr \u00a0f\u00fcr den Ethikkurs K2 des Gymnasium Gerabronns Themen: Todesstrafe, Menschenrechte Protokollant: ChibiMikuuu, 05.11.2014 Anzahl der Anwesenden: vollst\u00e4ndig; 10 Sch\u00fcler &nbsp; Verlauf:\u00a0 Argumente Pro\/Contra: Todesstrafe Menschenrechte Vergleich: Islamische\/afrikanische Menschenrechte im Vergleich (noch nicht zusammengetragen) Todesstrafe: Als Todesstrafe bezeichnet man die T\u00f6tung eines Menschen als gesetzliche Strafe f\u00fcr ein schwerwiegendes begangenes Verbrechen. [&hellip;]<\/p>\n","protected":false},"author":76,"featured_media":0,"comment_status":"open","ping_status":"open","sticky":false,"template":"","format":"standard","meta":{"footnotes":""},"categories":[2],"tags":[],"class_list":["post-2892","post","type-post","status-publish","format-standard","hentry","category-allgemein","missing-thumbnail"],"_links":{"self":[{"href":"https:\/\/ethikblogs.de\/index.php?rest_route=\/wp\/v2\/posts\/2892","targetHints":{"allow":["GET"]}}],"collection":[{"href":"https:\/\/ethikblogs.de\/index.php?rest_route=\/wp\/v2\/posts"}],"about":[{"href":"https:\/\/ethikblogs.de\/index.php?rest_route=\/wp\/v2\/types\/post"}],"author":[{"embeddable":true,"href":"https:\/\/ethikblogs.de\/index.php?rest_route=\/wp\/v2\/users\/76"}],"replies":[{"embeddable":true,"href":"https:\/\/ethikblogs.de\/index.php?rest_route=%2Fwp%2Fv2%2Fcomments&post=2892"}],"version-history":[{"count":0,"href":"https:\/\/ethikblogs.de\/index.php?rest_route=\/wp\/v2\/posts\/2892\/revisions"}],"wp:attachment":[{"href":"https:\/\/ethikblogs.de\/index.php?rest_route=%2Fwp%2Fv2%2Fmedia&parent=2892"}],"wp:term":[{"taxonomy":"category","embeddable":true,"href":"https:\/\/ethikblogs.de\/index.php?rest_route=%2Fwp%2Fv2%2Fcategories&post=2892"},{"taxonomy":"post_tag","embeddable":true,"href":"https:\/\/ethikblogs.de\/index.php?rest_route=%2Fwp%2Fv2%2Ftags&post=2892"}],"curies":[{"name":"wp","href":"https:\/\/api.w.org\/{rel}","templated":true}]}}