{"id":2971,"date":"2014-12-25T12:45:53","date_gmt":"2014-12-25T11:45:53","guid":{"rendered":"https:\/\/ethik13.wordpress.com\/?p=2971"},"modified":"2014-12-25T12:45:53","modified_gmt":"2014-12-25T11:45:53","slug":"ist-unsere-gesellschaft-bereit-fur-inklusion-oder-verscharft-sich-die-situation-nur","status":"publish","type":"post","link":"https:\/\/ethikblogs.de\/?p=2971","title":{"rendered":"Ist unsere Gesellschaft bereit f\u00fcr Inklusion?! Oder versch\u00e4rft sich die Situation nur?!"},"content":{"rendered":"<p><strong>Inklusion &#8211; ein einfaches Wort, das eine simple Vorstellung beschreibt.<\/strong> N\u00e4mlich das Zusammenleben aller Menschen zusammen ohne das jemand von der Teilnahme am gesellschaftlichen Leben ausgeschlossen wird aufgrund von k\u00f6rperlichen\/ geistigen Benachteiligungen, Alter, Herkunft, Hautfarbe, Religion oder anderen Merkmalen, die den Menschen erst als Individuum auszeichnen.<\/p>\n<p>Und nun, wo die Regierung ein Gesetz erlassen hat, was s\u00e4mtlichen Menschen z.B. das Recht auf eine normale Schulform einr\u00e4umt, bzw. im eigentlichen Sinne die Teilnahme am gesellschaftlichen Leben gew\u00e4hrt. Ist eine Diskussion \u00fcber die Inklusion entbrannt, die den Sinn, Zweck und Umsetzbarkeit hinterfragt. Eigentlich zeigt die Inklusion doch nur die <strong><em>Erb\u00e4rmlichkeit der &#8222;deutschen&#8220; Gesellschaft<\/em><\/strong>, <em>(ich lasse hier die Zust\u00e4nde in den anderen L\u00e4ndern mal au\u00dfer Acht die zum Teil \u00e4hnlich sind, schlechter oder erheblich besser)\u00a0<\/em>da es eigentlich selbstverst\u00e4ndlich sein sollte alle Menschen in die Gesellschaft einzugliedern. Oder etwa nicht?! Selbstverst\u00e4ndlich bringt Inklusion zahlreiche Hindernisse mit sich aber nach denen die finanzieller und personeller Natur sind, stellt das gr\u00f6\u00dfte Hindernis doch die Engstirnigkeit der &#8222;normalen&#8220; Menschen dar, die aus Angst oder anderweitigen Gr\u00fcnden die Eingliederung aller Menschen in das normale System nicht bef\u00fcrworten.<\/p>\n<p><strong>Also stellt sich doch gar nicht die Fragen: Inklusion ja oder Nein? Oder etwa doch?<\/strong><\/p>\n","protected":false},"excerpt":{"rendered":"<p>Inklusion &#8211; ein einfaches Wort, das eine simple Vorstellung beschreibt. N\u00e4mlich das Zusammenleben aller Menschen zusammen ohne das jemand von der Teilnahme am gesellschaftlichen Leben ausgeschlossen wird aufgrund von k\u00f6rperlichen\/ geistigen Benachteiligungen, Alter, Herkunft, Hautfarbe, Religion oder anderen Merkmalen, die den Menschen erst als Individuum auszeichnen. Und nun, wo die Regierung ein Gesetz erlassen hat, [&hellip;]<\/p>\n","protected":false},"author":76,"featured_media":0,"comment_status":"open","ping_status":"open","sticky":false,"template":"","format":"standard","meta":{"footnotes":""},"categories":[2],"tags":[],"class_list":["post-2971","post","type-post","status-publish","format-standard","hentry","category-allgemein","missing-thumbnail"],"_links":{"self":[{"href":"https:\/\/ethikblogs.de\/index.php?rest_route=\/wp\/v2\/posts\/2971","targetHints":{"allow":["GET"]}}],"collection":[{"href":"https:\/\/ethikblogs.de\/index.php?rest_route=\/wp\/v2\/posts"}],"about":[{"href":"https:\/\/ethikblogs.de\/index.php?rest_route=\/wp\/v2\/types\/post"}],"author":[{"embeddable":true,"href":"https:\/\/ethikblogs.de\/index.php?rest_route=\/wp\/v2\/users\/76"}],"replies":[{"embeddable":true,"href":"https:\/\/ethikblogs.de\/index.php?rest_route=%2Fwp%2Fv2%2Fcomments&post=2971"}],"version-history":[{"count":0,"href":"https:\/\/ethikblogs.de\/index.php?rest_route=\/wp\/v2\/posts\/2971\/revisions"}],"wp:attachment":[{"href":"https:\/\/ethikblogs.de\/index.php?rest_route=%2Fwp%2Fv2%2Fmedia&parent=2971"}],"wp:term":[{"taxonomy":"category","embeddable":true,"href":"https:\/\/ethikblogs.de\/index.php?rest_route=%2Fwp%2Fv2%2Fcategories&post=2971"},{"taxonomy":"post_tag","embeddable":true,"href":"https:\/\/ethikblogs.de\/index.php?rest_route=%2Fwp%2Fv2%2Ftags&post=2971"}],"curies":[{"name":"wp","href":"https:\/\/api.w.org\/{rel}","templated":true}]}}