{"id":3306,"date":"2016-06-12T18:07:42","date_gmt":"2016-06-12T18:07:42","guid":{"rendered":"http:\/\/ethikblogs.de\/?p=3306"},"modified":"2016-06-12T18:07:42","modified_gmt":"2016-06-12T18:07:42","slug":"ethik-protokoll-2-juni-2016","status":"publish","type":"post","link":"https:\/\/ethikblogs.de\/?p=3306","title":{"rendered":"Ethik Protokoll 2. Juni 2016"},"content":{"rendered":"<p>Protokoll vom 2. Juni 2016 7:45-9:20 Uhr<\/p>\n<p>17 von 18 Teilnehmer waren anwesend<\/p>\n<p>Referent: Frau Sch\u00fctze<\/p>\n<p>Verfasser des Protokolls: lu1998<\/p>\n<hr \/>\n<p>Gliederung der Stunde:<\/p>\n<ul>\n<li>Veranwortungsethische Imperative<\/li>\n<li>Was ist ein MENSCH ?<\/li>\n<\/ul>\n<hr \/>\n<p>Verantwortungsethische Imperative<\/p>\n<p>S. 194 M2 Aufgabe 1+2<\/p>\n<p>A1 Dialog zwischen Kant und Jonas<\/p>\n<blockquote><p>Die Menschheit ist mir Gesetz! Durch das Leben.<\/p>\n<p>Jonas<\/p><\/blockquote>\n<p>&nbsp;<\/p>\n<blockquote><p>Ich gebe mir selbst das Gesetz! Durch meine Vernunft.<\/p>\n<p>Kant<\/p><\/blockquote>\n<p>L\u00f6sungsvorschlag:<\/p>\n<p>Kant: Jeder Mensch sollte so handeln, dass sein Handeln zum allgemeinen Gesetz werden k\u00f6nnte.<\/p>\n<p>Jonas: Dabei stimme \u00a0ich dir zu, au\u00dferdem sollte man darauf achten, dass die Folgen meines Handeln eine negativen Folgen auch den Fortbestand der Menschheit hat. Die Pflicht so zu denken habe ich durch mein Dasein.<\/p>\n<p>Kant: Meiner Meinung nach wird die Anwendung de von Ihnen beschriebenen Handelns durch die Vernunft jedes Menschen bestimmt.<\/p>\n<p>A2:<\/p>\n<p>Begr\u00fcnde Jonas mit Kant:<\/p>\n<ul>\n<li>kein Widerspruch des folgenden Imperatives.-&gt; handle so, dass die Menschheit als Ganzes fortbesteht. Dieses kann man wollen und denken.<\/li>\n<li>durch die Menschheits-Zwecks-Formel gib es eine inhaltliche Bestimmung des Menschen als Gattung und dessen Fortbestehen.<\/li>\n<\/ul>\n<p>&nbsp;<\/p>\n<p>Was ist ein MENSCH?<\/p>\n<p>Gruppenarbeit: Definition eines Menschen.<\/p>\n<p>Gruppe 1:<\/p>\n<p>der Mensch ist ein Wesen, welches&#8230;<\/p>\n<ul>\n<li>&#8230;vernunftbegabt handeln kann, aber auch triebgesteuert<\/li>\n<li>&#8230;einen inneren Wert besitzt(W\u00fcrde), da es einen Selbstzweck erf\u00fcllt (kann Zweck an sich sein)<\/li>\n<li>&#8230;unter der Autonomie des Willens handeln kann (kann sich selbst Gesetze geben)<\/li>\n<li>&#8230;ein soziales Umfeld und Besch\u00e4ftigung braucht<\/li>\n<li>&#8230;individuell und einzigartig ist<\/li>\n<\/ul>\n<p>Gruppe 2:<\/p>\n<p>Der Mensch ist ein Lebewesen, welches&#8230;<\/p>\n<ul>\n<li>f\u00e4hig ist ich fortzupflanzen,zu f\u00fchlen und&#8220;eigenst\u00e4ndig&#8220; zu denken und zu handeln<\/li>\n<li>einzigartig ist (Aussehen, Gef\u00fchle, Gedanken&#8230;)<\/li>\n<li>Grundbed\u00fcrfnisse ben\u00f6tigt<\/li>\n<li>Recht und Ordnung \u00fcber andere Lebewesen aus\u00fcbt und sich selbst als h\u00f6chstes bzw. wichtigstes Lebewesen sieht.<\/li>\n<\/ul>\n<p>Gruppe 3:<\/p>\n<p>Fortschrittliches Denken -&gt; Reflexion und Vernunft<\/p>\n<p>menschliche DNA<\/p>\n<p>Passt die Umwelt an sich an, statt sich an die Umwelt anzupassen<\/p>\n<p>Gruppe 4:<\/p>\n<ul>\n<li>homo sapiens<\/li>\n<li>hat Bewusstsein (es sei denn, er ist bewusstlos)<\/li>\n<li>kann \u00fcber sein Handeln nachdenken (meisten)<\/li>\n<li>besitzt meist Rechte (so lange die Linke verletzt ist)<\/li>\n<li>hat Verantwortung<\/li>\n<\/ul>\n<p>Gruppe 5:<\/p>\n<p>Der Mensch sollte Emotionen entwickeln und eigenst\u00e4ndig denke und Handeln k\u00f6nnen<\/p>\n","protected":false},"excerpt":{"rendered":"<p>Protokoll vom 2. Juni 2016 7:45-9:20 Uhr 17 von 18 Teilnehmer waren anwesend Referent: Frau Sch\u00fctze Verfasser des Protokolls: lu1998 Gliederung der Stunde: Veranwortungsethische Imperative Was ist ein MENSCH ? Verantwortungsethische Imperative S. 194 M2 Aufgabe 1+2 A1 Dialog zwischen Kant und Jonas Die Menschheit ist mir Gesetz! Durch das Leben. Jonas &nbsp; Ich gebe [&hellip;]<\/p>\n","protected":false},"author":76,"featured_media":0,"comment_status":"open","ping_status":"open","sticky":false,"template":"","format":"standard","meta":{"footnotes":""},"categories":[1],"tags":[],"class_list":["post-3306","post","type-post","status-publish","format-standard","hentry","category-uncategorized","missing-thumbnail"],"_links":{"self":[{"href":"https:\/\/ethikblogs.de\/index.php?rest_route=\/wp\/v2\/posts\/3306","targetHints":{"allow":["GET"]}}],"collection":[{"href":"https:\/\/ethikblogs.de\/index.php?rest_route=\/wp\/v2\/posts"}],"about":[{"href":"https:\/\/ethikblogs.de\/index.php?rest_route=\/wp\/v2\/types\/post"}],"author":[{"embeddable":true,"href":"https:\/\/ethikblogs.de\/index.php?rest_route=\/wp\/v2\/users\/76"}],"replies":[{"embeddable":true,"href":"https:\/\/ethikblogs.de\/index.php?rest_route=%2Fwp%2Fv2%2Fcomments&post=3306"}],"version-history":[{"count":1,"href":"https:\/\/ethikblogs.de\/index.php?rest_route=\/wp\/v2\/posts\/3306\/revisions"}],"predecessor-version":[{"id":3307,"href":"https:\/\/ethikblogs.de\/index.php?rest_route=\/wp\/v2\/posts\/3306\/revisions\/3307"}],"wp:attachment":[{"href":"https:\/\/ethikblogs.de\/index.php?rest_route=%2Fwp%2Fv2%2Fmedia&parent=3306"}],"wp:term":[{"taxonomy":"category","embeddable":true,"href":"https:\/\/ethikblogs.de\/index.php?rest_route=%2Fwp%2Fv2%2Fcategories&post=3306"},{"taxonomy":"post_tag","embeddable":true,"href":"https:\/\/ethikblogs.de\/index.php?rest_route=%2Fwp%2Fv2%2Ftags&post=3306"}],"curies":[{"name":"wp","href":"https:\/\/api.w.org\/{rel}","templated":true}]}}