{"id":3312,"date":"2016-06-14T20:06:43","date_gmt":"2016-06-14T20:06:43","guid":{"rendered":"http:\/\/ethikblogs.de\/?p=3312"},"modified":"2016-06-14T20:06:43","modified_gmt":"2016-06-14T20:06:43","slug":"aufgabe-fuer-donnerstag-16-6","status":"publish","type":"post","link":"https:\/\/ethikblogs.de\/?p=3312","title":{"rendered":"Aufgabe f\u00fcr Donnerstag, 16.6."},"content":{"rendered":"<p>Lieber Ethik-Kurs,<\/p>\n<p>da ich am Donnerstag in der Abipr\u00fcfung bin, kommt hier die Aufgabe f\u00fcr euch. Wir diskutieren dann am 30.6. dar\u00fcber (bis dahin habt ihr also Zeit daf\u00fcr).<\/p>\n<p>Zur Erinnerung: es geht um Freiheit. In dieser Woche steht die psychologische Sicht auf die Freiheit im Mittelpunkt. Dabei beschr\u00e4nken wir uns auf Sigmund Freud und Alfred Adler.<\/p>\n<p>Aufgaben:<\/p>\n<ol>\n<li>Informiere dich \u00fcber Sigmund Freuds Strukturmodell sowie \u00fcber die Schl\u00fcsselbegriffe der Individualpsychologie von Alfred Adler. Fasse die Inhalte in einer f\u00fcr dich sinnvollen Struktur zusammen.<\/li>\n<li>\u00dcberlege, ob und wie Freiheit aus psychologischer Sicht begr\u00fcndet werden kann.<\/li>\n<li>Zusatzaufgabe: Kann Eichmanns Handeln mit Hilfe der Psychologie erkl\u00e4rt werden? \u00c4ndert sich dadurch etwas an der Verantwortung bzw. an der Schuldfrage?<\/li>\n<\/ol>\n<p>Links:<\/p>\n<ul>\n<li>Sigmund Freud: Strukturmodell als <a href=\"https:\/\/www.youtube.com\/watch?v=zmWvV0ZFwZ8\">Video<\/a> und als <a href=\"http:\/\/arbeitsblaetter.stangl-taller.at\/WISSENSCHAFTPSYCHOLOGIE\/PSYCHOLOGEN\/Freud.shtml\">Text (Abschnitt: Freuds Menschenbild)<\/a><\/li>\n<li>Alfred Adler: <a href=\"http:\/\/arbeitsblaetter.stangl-taller.at\/WISSENSCHAFTPSYCHOLOGIE\/PSYCHOLOGEN\/Adler.shtml\">Text<\/a><\/li>\n<li>zur Eichmann-Frage gibt es im Weblog bereits <a href=\"http:\/\/ethikblogs.de\/?p=85\">einen Eintrag<\/a>, ihr d\u00fcrft gern dort kommentieren<\/li>\n<\/ul>\n<p>Viele Gr\u00fc\u00dfe,<\/p>\n<p>M. Sch\u00fctze<\/p>\n","protected":false},"excerpt":{"rendered":"<p>Lieber Ethik-Kurs, da ich am Donnerstag in der Abipr\u00fcfung bin, kommt hier die Aufgabe f\u00fcr euch. Wir diskutieren dann am 30.6. dar\u00fcber (bis dahin habt ihr also Zeit daf\u00fcr). Zur Erinnerung: es geht um Freiheit. In dieser Woche steht die psychologische Sicht auf die Freiheit im Mittelpunkt. Dabei beschr\u00e4nken wir uns auf Sigmund Freud und [&hellip;]<\/p>\n","protected":false},"author":2,"featured_media":0,"comment_status":"open","ping_status":"open","sticky":false,"template":"","format":"standard","meta":{"footnotes":""},"categories":[3,6,13],"tags":[],"class_list":["post-3312","post","type-post","status-publish","format-standard","hentry","category-anthropologie","category-freiheit","category-organisatorisches","missing-thumbnail"],"_links":{"self":[{"href":"https:\/\/ethikblogs.de\/index.php?rest_route=\/wp\/v2\/posts\/3312","targetHints":{"allow":["GET"]}}],"collection":[{"href":"https:\/\/ethikblogs.de\/index.php?rest_route=\/wp\/v2\/posts"}],"about":[{"href":"https:\/\/ethikblogs.de\/index.php?rest_route=\/wp\/v2\/types\/post"}],"author":[{"embeddable":true,"href":"https:\/\/ethikblogs.de\/index.php?rest_route=\/wp\/v2\/users\/2"}],"replies":[{"embeddable":true,"href":"https:\/\/ethikblogs.de\/index.php?rest_route=%2Fwp%2Fv2%2Fcomments&post=3312"}],"version-history":[{"count":1,"href":"https:\/\/ethikblogs.de\/index.php?rest_route=\/wp\/v2\/posts\/3312\/revisions"}],"predecessor-version":[{"id":3313,"href":"https:\/\/ethikblogs.de\/index.php?rest_route=\/wp\/v2\/posts\/3312\/revisions\/3313"}],"wp:attachment":[{"href":"https:\/\/ethikblogs.de\/index.php?rest_route=%2Fwp%2Fv2%2Fmedia&parent=3312"}],"wp:term":[{"taxonomy":"category","embeddable":true,"href":"https:\/\/ethikblogs.de\/index.php?rest_route=%2Fwp%2Fv2%2Fcategories&post=3312"},{"taxonomy":"post_tag","embeddable":true,"href":"https:\/\/ethikblogs.de\/index.php?rest_route=%2Fwp%2Fv2%2Ftags&post=3312"}],"curies":[{"name":"wp","href":"https:\/\/api.w.org\/{rel}","templated":true}]}}