{"id":3316,"date":"2016-06-30T08:28:02","date_gmt":"2016-06-30T08:28:02","guid":{"rendered":"http:\/\/ethikblogs.de\/?p=3316"},"modified":"2016-06-30T08:28:02","modified_gmt":"2016-06-30T08:28:02","slug":"ethik-protokoll-30-juni-2016","status":"publish","type":"post","link":"https:\/\/ethikblogs.de\/?p=3316","title":{"rendered":"Ethik Protokoll 30. Juni 2016"},"content":{"rendered":"<p>Protokoll vom 30.6.2016, 7:45-9:20<\/p>\n<p>17 von 18 Personen waren anwesend<\/p>\n<p>Referent: Frau Sch\u00fctze<\/p>\n<p>Verfasser des Protokolls: kiuubi18<\/p>\n<hr \/>\n<p>Gliederung der Stunde<\/p>\n<ol>\n<li>Organisatorisches<\/li>\n<li>Soziologie + soz. Freiheit<\/li>\n<li>Psychologie<\/li>\n<\/ol>\n<hr \/>\n<p><em><strong>Organisatorisches<\/strong><\/em><\/p>\n<p>Hinweis auf die restlichen, die noch einen Blog oder Kommentare schreiben m\u00fcssen. Die Frist f\u00fcr den Blog ist am 10. Juli, die Frist f\u00fcr die Kommentare am 15. Juli.<\/p>\n<hr \/>\n<p><em><strong>Soziologie<\/strong><\/em><\/p>\n<p>Ankn\u00fcpfung zum Film: Rolle als bestimmte Erwartung in der Gesellschaft<\/p>\n<p>Frage: Wie k\u00f6nnen die Eltern frei sein?<\/p>\n<ul>\n<li>Durch Kommunikation mit der Tochter, das Austauschen von gegen\u00fcberliegenden Erwartungen<\/li>\n<li>Rolle oftmals vorgegeben, jedoch besitzt diese viel Spielraum etwas zu \u00e4ndern<\/li>\n<li>Ausbrechen aus der vogegebenen Rolle b.z.w. sich freier f\u00fchlen<\/li>\n<\/ul>\n<p style=\"text-align: left\"><strong>Sozialisation<\/strong><\/p>\n<p style=\"text-align: left\">Was ist Sozialisation?<\/p>\n<p style=\"text-align: left\">Prozess, in dem ein Mensch in die ihn umgebende Gesellschaft und Kultur hineinw\u00e4chst und zu einem gesellschaftlich handlungsf\u00e4higen Subjekt wird.<\/p>\n<p style=\"text-align: left\">prim\u00e4re Sozialisation: Die Entwicklung zur sozialen Person<\/p>\n<p style=\"text-align: left\">sekud\u00e4re Sozialisation:Die Prozesse der prim\u00e4ren Sozialisation und deren Ver\u00e4nderung<\/p>\n<p style=\"text-align: left\">Welche Probleme gibt es bei der Sozialisation?<\/p>\n<ul>\n<li style=\"text-align: left\">Beeinflussung durch das Umfeld<\/li>\n<li style=\"text-align: left\">Pers\u00f6nlichkeitsstruktur durch Umfeld (Familie, Freunde&#8230;) stark determiniert<\/li>\n<\/ul>\n<p style=\"text-align: left\">-&gt; Nicht sicher ob man als Person ganz frei ist, jedoch muss der Prozess durchgef\u00fchrt werden da ansonsten in der Welt nicht \u00fcberlebensf\u00e4hig w\u00e4re, die gesellschaftliche Einbettung ist n\u00f6tig.<\/p>\n<hr \/>\n<p style=\"text-align: left\"><em><strong>Psychologie<\/strong><\/em><\/p>\n<p style=\"text-align: left\">Konzept Sigmund Freuds<\/p>\n<ul>\n<li style=\"text-align: left\">Es: Triebe<\/li>\n<li style=\"text-align: left\">Ich: Koordinator zwischen Trieb- und Normansr\u00fcchen (Entscheidet)<\/li>\n<li style=\"text-align: left\">\u00dcber-Ich: Norminstanz (Soziologie)<\/li>\n<\/ul>\n<p>Das &#8222;Es&#8220; und das &#8222;\u00dcber-Ich&#8220; stehen im Konflikt, w\u00e4hrendessen das &#8222;Ich&#8220; entscheidet welche Handlungen dann folgen.<\/p>\n<p>die Schl\u00fcsselbegriffe der Individualpsychologie von Alfred Adler<\/p>\n<ul>\n<li>Minderwertigkeitsgef\u00fchl als Triebe, die dann Leitlinien von bestimmten Verhaltensmustern bilden<\/li>\n<li>Kompensation (H\u00f6herstreben) verbessert die Bereiche, in der man benachteiligt wird (Verbesserung der Sehschw\u00e4che als Beispiel)<\/li>\n<li>Gemeinschaftsgef\u00fchl als Antagonist zum Egoismus<\/li>\n<\/ul>\n<p>&nbsp;<\/p>\n<hr \/>\n<p>Am Ende wurde dies am Beispiel von Eichmann angewendet mit der Frage, ob er Schuld am Tod vieler Menschen tr\u00e4gt. Durch die strenge Erziehung war das \u00dcber-Ich gr\u00f6\u00dfer, er befolgte die ihm zugeteilten Befehle. Jedoch stellt sich die Frage, wie weit seine Handlungs-, und Willensfreiheit in der Situation war, da er nicht dazu (k\u00f6rperlich) gen\u00f6tigt wurde. Desweiteren muss gekl\u00e4rt werden ob seine Handlungen bewusst oder unbewusst stattgefunden haben.<\/p>\n<p>-&gt; Fazit der Stunde war, dass er auf jeden Fall eine Teilschuld tr\u00e4gt und die Verantwortung hat, jedoch nicht ob er die ganze Schuld tr\u00e4gt.<\/p>\n","protected":false},"excerpt":{"rendered":"<p>Protokoll vom 30.6.2016, 7:45-9:20 17 von 18 Personen waren anwesend Referent: Frau Sch\u00fctze Verfasser des Protokolls: kiuubi18 Gliederung der Stunde Organisatorisches Soziologie + soz. Freiheit Psychologie Organisatorisches Hinweis auf die restlichen, die noch einen Blog oder Kommentare schreiben m\u00fcssen. Die Frist f\u00fcr den Blog ist am 10. Juli, die Frist f\u00fcr die Kommentare am 15. [&hellip;]<\/p>\n","protected":false},"author":76,"featured_media":0,"comment_status":"open","ping_status":"open","sticky":false,"template":"","format":"standard","meta":{"footnotes":""},"categories":[13,16],"tags":[],"class_list":["post-3316","post","type-post","status-publish","format-standard","hentry","category-organisatorisches","category-protokolle","missing-thumbnail"],"_links":{"self":[{"href":"https:\/\/ethikblogs.de\/index.php?rest_route=\/wp\/v2\/posts\/3316","targetHints":{"allow":["GET"]}}],"collection":[{"href":"https:\/\/ethikblogs.de\/index.php?rest_route=\/wp\/v2\/posts"}],"about":[{"href":"https:\/\/ethikblogs.de\/index.php?rest_route=\/wp\/v2\/types\/post"}],"author":[{"embeddable":true,"href":"https:\/\/ethikblogs.de\/index.php?rest_route=\/wp\/v2\/users\/76"}],"replies":[{"embeddable":true,"href":"https:\/\/ethikblogs.de\/index.php?rest_route=%2Fwp%2Fv2%2Fcomments&post=3316"}],"version-history":[{"count":2,"href":"https:\/\/ethikblogs.de\/index.php?rest_route=\/wp\/v2\/posts\/3316\/revisions"}],"predecessor-version":[{"id":3318,"href":"https:\/\/ethikblogs.de\/index.php?rest_route=\/wp\/v2\/posts\/3316\/revisions\/3318"}],"wp:attachment":[{"href":"https:\/\/ethikblogs.de\/index.php?rest_route=%2Fwp%2Fv2%2Fmedia&parent=3316"}],"wp:term":[{"taxonomy":"category","embeddable":true,"href":"https:\/\/ethikblogs.de\/index.php?rest_route=%2Fwp%2Fv2%2Fcategories&post=3316"},{"taxonomy":"post_tag","embeddable":true,"href":"https:\/\/ethikblogs.de\/index.php?rest_route=%2Fwp%2Fv2%2Ftags&post=3316"}],"curies":[{"name":"wp","href":"https:\/\/api.w.org\/{rel}","templated":true}]}}