{"id":3530,"date":"2016-10-30T18:57:13","date_gmt":"2016-10-30T18:57:13","guid":{"rendered":"http:\/\/ethikblogs.de\/?p=3530"},"modified":"2016-10-30T18:57:13","modified_gmt":"2016-10-30T18:57:13","slug":"anregung-zum-philosophieren-freiheit-und-konsum","status":"publish","type":"post","link":"https:\/\/ethikblogs.de\/?p=3530","title":{"rendered":"Anregung zum Philosophieren: Freiheit und Konsum"},"content":{"rendered":"<p>In einem <a href=\"http:\/\/www.derbund.ch\/leben\/gesellschaft\/die-jungen-sind-kritischer\/story\/19511936\">Interview sagte die BWL-Professorin Evi Hartmann<\/a> folgendes:<\/p>\n<blockquote><p>Wir alle k\u00f6nnen selber entscheiden, ob wir ein Kleidungsst\u00fcck kaufen wollen, bei dessen Herstellung Menschen gelitten haben. Oder ob wir lieber die fairere Variante w\u00e4hlen. Gerade in dieser M\u00f6glichkeit zum moralischen Handeln zeigt sich unsere Freiheit. Sonst w\u00e4ren wir einfach willenlose Konsumenten.<\/p><\/blockquote>\n<p>Dieser Zusammenhang interessiert mich &#8211; was denkt ihr: kann ich durch Konsum frei sein? Ist es dabei wichtig, dass ich die gesamte Lieferkette, alle Produktionsbedingungen kenne? Worin zeigt sich Freiheit noch?<\/p>\n<p>&nbsp;<\/p>\n<p>(Im Interview geht es auch um die Frage, ob jeder einzelne etwas bewirken soll und was man tun kann &#8211; z.B. sagt sie: jeden Tag 15 Minuten recherchieren und ein ethisch unbedenkliches Produkt finden, w\u00e4re ein guter Anfang. Meist verbringt man mehr Zeit mit sozialen Medien.)<\/p>\n<p>&nbsp;<\/p>\n","protected":false},"excerpt":{"rendered":"<p>In einem Interview sagte die BWL-Professorin Evi Hartmann folgendes: Wir alle k\u00f6nnen selber entscheiden, ob wir ein Kleidungsst\u00fcck kaufen wollen, bei dessen Herstellung Menschen gelitten haben. Oder ob wir lieber die fairere Variante w\u00e4hlen. Gerade in dieser M\u00f6glichkeit zum moralischen Handeln zeigt sich unsere Freiheit. Sonst w\u00e4ren wir einfach willenlose Konsumenten. Dieser Zusammenhang interessiert mich [&hellip;]<\/p>\n","protected":false},"author":2,"featured_media":0,"comment_status":"open","ping_status":"open","sticky":false,"template":"","format":"standard","meta":{"footnotes":""},"categories":[6,8,15],"tags":[],"class_list":["post-3530","post","type-post","status-publish","format-standard","hentry","category-freiheit","category-gesellschaft","category-philosophieren","missing-thumbnail"],"_links":{"self":[{"href":"https:\/\/ethikblogs.de\/index.php?rest_route=\/wp\/v2\/posts\/3530","targetHints":{"allow":["GET"]}}],"collection":[{"href":"https:\/\/ethikblogs.de\/index.php?rest_route=\/wp\/v2\/posts"}],"about":[{"href":"https:\/\/ethikblogs.de\/index.php?rest_route=\/wp\/v2\/types\/post"}],"author":[{"embeddable":true,"href":"https:\/\/ethikblogs.de\/index.php?rest_route=\/wp\/v2\/users\/2"}],"replies":[{"embeddable":true,"href":"https:\/\/ethikblogs.de\/index.php?rest_route=%2Fwp%2Fv2%2Fcomments&post=3530"}],"version-history":[{"count":1,"href":"https:\/\/ethikblogs.de\/index.php?rest_route=\/wp\/v2\/posts\/3530\/revisions"}],"predecessor-version":[{"id":3531,"href":"https:\/\/ethikblogs.de\/index.php?rest_route=\/wp\/v2\/posts\/3530\/revisions\/3531"}],"wp:attachment":[{"href":"https:\/\/ethikblogs.de\/index.php?rest_route=%2Fwp%2Fv2%2Fmedia&parent=3530"}],"wp:term":[{"taxonomy":"category","embeddable":true,"href":"https:\/\/ethikblogs.de\/index.php?rest_route=%2Fwp%2Fv2%2Fcategories&post=3530"},{"taxonomy":"post_tag","embeddable":true,"href":"https:\/\/ethikblogs.de\/index.php?rest_route=%2Fwp%2Fv2%2Ftags&post=3530"}],"curies":[{"name":"wp","href":"https:\/\/api.w.org\/{rel}","templated":true}]}}