{"id":3533,"date":"2016-11-02T09:33:29","date_gmt":"2016-11-02T09:33:29","guid":{"rendered":"http:\/\/ethikblogs.de\/?p=3533"},"modified":"2016-11-02T09:33:29","modified_gmt":"2016-11-02T09:33:29","slug":"protokoll-vom-24-oktober-2016","status":"publish","type":"post","link":"https:\/\/ethikblogs.de\/?p=3533","title":{"rendered":"Protokoll vom 24. Oktober 2016"},"content":{"rendered":"<p>Gymnasium Gerabronn, Ethikkurs 2015-2017<\/p>\n<p>Stundenzusammenfassung vom 24.10.2016 7:45 bis 9:20<\/p>\n<p>18 Anwesende<\/p>\n<p>Referentin: S\u00fc<\/p>\n<p>Verfasser des Protokolls: Bananapancake0<\/p>\n<p><span style=\"text-decoration: underline\">__________________________________________________________________________________________<\/span><\/p>\n<p><span style=\"text-decoration: underline\">Gliederung:\u00a0<\/span><\/p>\n<ol>\n<li>Wiederholung Hayek\/ Rawls<\/li>\n<li>Sind Ethik und Wirtschaft vereinbar?<\/li>\n<li>CSR und Greenwashing<\/li>\n<li>Manifest gegen Nachhaltigkeit<\/li>\n<\/ol>\n<p>___________________________________________________________________________________________<\/p>\n<p>&nbsp;<\/p>\n<p><span style=\"text-decoration: underline\">1.Wiederholung Hayek\/Raw<\/span><\/p>\n<table style=\"height: 301px\" width=\"802\">\n<tbody>\n<tr>\n<td width=\"151\">\n<p style=\"text-align: center\">Friedich August von Hayek<\/p>\n<\/td>\n<td width=\"151\">\n<p style=\"text-align: center\">John Rawls<\/p>\n<\/td>\n<\/tr>\n<tr>\n<td width=\"151\"><a href=\"http:\/\/ethikblogs.de\/wp-content\/uploads\/2016\/10\/Bildschirmfoto-2016-11-01-um-10.37.10.png\"><img loading=\"lazy\" decoding=\"async\" class=\"size-medium wp-image-3557 aligncenter\" src=\"http:\/\/ethikblogs.de\/wp-content\/uploads\/2016\/10\/Bildschirmfoto-2016-11-01-um-10.37.10-300x88.png\" alt=\"bildschirmfoto-2016-11-01-um-10-37-10\" width=\"300\" height=\"88\" srcset=\"https:\/\/ethikblogs.de\/wp-content\/uploads\/2016\/10\/Bildschirmfoto-2016-11-01-um-10.37.10-300x88.png 300w, https:\/\/ethikblogs.de\/wp-content\/uploads\/2016\/10\/Bildschirmfoto-2016-11-01-um-10.37.10-768x226.png 768w, https:\/\/ethikblogs.de\/wp-content\/uploads\/2016\/10\/Bildschirmfoto-2016-11-01-um-10.37.10-1024x301.png 1024w, https:\/\/ethikblogs.de\/wp-content\/uploads\/2016\/10\/Bildschirmfoto-2016-11-01-um-10.37.10-540x159.png 540w\" sizes=\"auto, (max-width: 300px) 100vw, 300px\" \/><\/a><\/p>\n<p><a href=\"http:\/\/ethikblogs.de\/wp-content\/uploads\/2016\/10\/Bildschirmfoto-2016-11-01-um-10.37.19.png\"><img loading=\"lazy\" decoding=\"async\" class=\"size-medium wp-image-3558 aligncenter\" src=\"http:\/\/ethikblogs.de\/wp-content\/uploads\/2016\/10\/Bildschirmfoto-2016-11-01-um-10.37.19-300x92.png\" alt=\"bildschirmfoto-2016-11-01-um-10-37-19\" width=\"300\" height=\"92\" srcset=\"https:\/\/ethikblogs.de\/wp-content\/uploads\/2016\/10\/Bildschirmfoto-2016-11-01-um-10.37.19-300x92.png 300w, https:\/\/ethikblogs.de\/wp-content\/uploads\/2016\/10\/Bildschirmfoto-2016-11-01-um-10.37.19-768x236.png 768w, https:\/\/ethikblogs.de\/wp-content\/uploads\/2016\/10\/Bildschirmfoto-2016-11-01-um-10.37.19-1024x315.png 1024w, https:\/\/ethikblogs.de\/wp-content\/uploads\/2016\/10\/Bildschirmfoto-2016-11-01-um-10.37.19-540x166.png 540w\" sizes=\"auto, (max-width: 300px) 100vw, 300px\" \/><\/a><\/p>\n<p>&nbsp;<\/td>\n<td width=\"151\"><a href=\"http:\/\/ethikblogs.de\/wp-content\/uploads\/2016\/10\/Bildschirmfoto-2016-11-01-um-10.37.27.png\"><img loading=\"lazy\" decoding=\"async\" class=\"size-medium wp-image-3559 aligncenter\" src=\"http:\/\/ethikblogs.de\/wp-content\/uploads\/2016\/10\/Bildschirmfoto-2016-11-01-um-10.37.27-300x125.png\" alt=\"bildschirmfoto-2016-11-01-um-10-37-27\" width=\"300\" height=\"125\" srcset=\"https:\/\/ethikblogs.de\/wp-content\/uploads\/2016\/10\/Bildschirmfoto-2016-11-01-um-10.37.27-300x125.png 300w, https:\/\/ethikblogs.de\/wp-content\/uploads\/2016\/10\/Bildschirmfoto-2016-11-01-um-10.37.27-768x321.png 768w, https:\/\/ethikblogs.de\/wp-content\/uploads\/2016\/10\/Bildschirmfoto-2016-11-01-um-10.37.27-1024x428.png 1024w, https:\/\/ethikblogs.de\/wp-content\/uploads\/2016\/10\/Bildschirmfoto-2016-11-01-um-10.37.27-540x226.png 540w\" sizes=\"auto, (max-width: 300px) 100vw, 300px\" \/><\/a><\/td>\n<\/tr>\n<\/tbody>\n<\/table>\n<p>Bilder anklicken, dann werden sie gr\u00f6\u00dfer<\/p>\n<p>__________________________________________________________________________________________<\/p>\n<p>&nbsp;<\/p>\n<p><span style=\"text-decoration: underline\">2.Sind Ethik und Wirtschaft vereinbar?\u00a0<\/span><\/p>\n<p>Unsere ersten Gedanken zu dieser Frage waren z.B.<\/p>\n<p>JA:<\/p>\n<ul>\n<li>es gibt (oftmals) einen bestimmten Mindestlohn<\/li>\n<li>die Arbeit unter menschenw\u00fcrdigen Bedingungen wird erm\u00f6glicht<\/li>\n<li>Umwelt- und Tierschutz wird (oftmals) ber\u00fccksichtigt<\/li>\n<\/ul>\n<p>NEIN:<\/p>\n<ul>\n<li>Machtmissbrauch gro\u00dfer Firmen<\/li>\n<li>Wirtschaftssystem an sich schlie\u00dft ethisches Agieren aus<\/li>\n<\/ul>\n<p>Was Wirtschaftsethik genauer bedeutet, erfuhren wir dann anhand der Pr\u00e4sentation. \u00a0 \u00a0 \u00a0 \u00a0 \u00a0 \u00a0 \u00a0 Anhand des eingef\u00fcgten Bildes aus der Pr\u00e4sentation kann man dies nochmals nachvollziehen. \u00a0 \u00a0 Die komplette Pr\u00e4sentation ist am Ende des Protokolls zu finden.<\/p>\n<p><a href=\"http:\/\/ethikblogs.de\/wp-content\/uploads\/2016\/10\/Bildschirmfoto-2016-11-01-um-10.39.04.png\"><img loading=\"lazy\" decoding=\"async\" class=\"wp-image-3560 size-medium\" src=\"http:\/\/ethikblogs.de\/wp-content\/uploads\/2016\/10\/Bildschirmfoto-2016-11-01-um-10.39.04-300x178.png\" alt=\"bildschirmfoto-2016-11-01-um-10-39-04\" width=\"300\" height=\"178\" srcset=\"https:\/\/ethikblogs.de\/wp-content\/uploads\/2016\/10\/Bildschirmfoto-2016-11-01-um-10.39.04-300x178.png 300w, https:\/\/ethikblogs.de\/wp-content\/uploads\/2016\/10\/Bildschirmfoto-2016-11-01-um-10.39.04-768x456.png 768w, https:\/\/ethikblogs.de\/wp-content\/uploads\/2016\/10\/Bildschirmfoto-2016-11-01-um-10.39.04-1024x607.png 1024w, https:\/\/ethikblogs.de\/wp-content\/uploads\/2016\/10\/Bildschirmfoto-2016-11-01-um-10.39.04-388x230.png 388w\" sizes=\"auto, (max-width: 300px) 100vw, 300px\" \/><\/a><\/p>\n<p>Bild anklicken, dann wird es gr\u00f6\u00dfer<\/p>\n<p>__________________________________________________________________________________________<\/p>\n<p>&nbsp;<\/p>\n<p><span style=\"text-decoration: underline\">3.CSR und Greenwashing <\/span><\/p>\n<p>Im Folgenden betrachteten wir den Aspekt der Unternehmensethik genauer, \u00a0 \u00a0 \u00a0 \u00a0 \u00a0 \u00a0 \u00a0 \u00a0 \u00a0 \u00a0 \u00a0\u00a0 \u00a0 \u00a0 dazu sahen wir uns ein Video zum Konzept CSR an.<\/p>\n<p>Hierzu der Link:\u00a0<a href=\"https:\/\/www.youtube.com\/watch?v=3ejgFi5hYLQ\">https:\/\/www.youtube.com\/watch?v=3ejgFi5hYLQ<\/a><\/p>\n<p>&nbsp;<\/p>\n<p><span style=\"text-decoration: underline\">CSR<\/span> steht f\u00fcr Corporate Social Responsibility, was sich unter dem Begriff Unternehmensverantwortung zusammenfassen l\u00e4sst. Es geht dabei um die Gerechtigkeitsfrage f\u00fcr jetztige und zuk\u00fcnftige Generationen, also wie ein Unternehmen seine Gewinne erwirtschaftet.\u00a0Aufgaben von CSR sind z.B. die Vermeidung moralisch verwerflicher Methoden wie Korruption oder Betrug.\u00a0Angesprochene Bereiche sind Individual- und Institutionenethik, aber auch der Staat und die Politik (auch wenn deren Handlungsm\u00f6glichkeiten begrenzt sind). \u00a0 \u00a0 \u00a0 \u00a0 \u00a0Die Globalisierung der Wirtschaft und die h\u00e4ufige Bindung der Politik und des Rechts an Landesgrenzen stellen Probleme dar, da dies zu einem Regulierungsdefizit f\u00fchrt. \u00a0 \u00a0 \u00a0 \u00a0 \u00a0 \u00a0 \u00a0 \u00a0 Au\u00dferdem wird CSR h\u00e4ufig nicht eingehalten und dient oft nur dem Greenwashing.<\/p>\n<p>&nbsp;<\/p>\n<p>Was <span style=\"text-decoration: underline\">Greenwashing<\/span> genau ist, erfuhren wir in folgendem Video: \u00a0 \u00a0 \u00a0 \u00a0 \u00a0 \u00a0 \u00a0 \u00a0 \u00a0 \u00a0 \u00a0 \u00a0 \u00a0 \u00a0 \u00a0 \u00a0 \u00a0 \u00a0 \u00a0 \u00a0 \u00a0 \u00a0 \u00a0<a href=\"https:\/\/www.youtube.com\/watch?v=4WX7z1wDxh4\">\u00a0<\/a><a href=\"https:\/\/www.youtube.com\/watch?v=4WX7z1wDxh4\">https:\/\/www.youtube.com\/watch?v=4WX7z1wDxh4<\/a><\/p>\n<p>Am Beispiel von Getr\u00e4nkekartons wird Greenwashing erkl\u00e4rt. Tetrapack wirbt mit Umweltfreundlichkeit und Nachhaltigkeit, t\u00e4uscht den Verbraucher jedoch mit der Werbung, \u00a0 \u00a0 \u00a0 \u00a0 die das Aluminium und auch Plastik im Tetrapack verschweigt. Also verbessert eine Firma ihr Image durch Greenwashing. Weitere Beispiele sind ExxonMobil im Bereich Erdgasbohrungen und die Automarke Opel mit dem Modell Ampera.<\/p>\n<p>__________________________________________________________________________________________<\/p>\n<p>&nbsp;<\/p>\n<p><span style=\"text-decoration: underline\">4.Manifest gegen Nachhaltigkeit<\/span><\/p>\n<p>Zum Abschluss lasen wir den Text ,,Manifest gegen die Nachhaltigkeit&#8220; von Sina Trinkwalder (<a href=\"http:\/\/taz.de\/Greenwashing\/!5108411\/\">http:\/\/taz.de\/Greenwashing\/!5108411\/<\/a>).<\/p>\n<p>Unsere Aufgabe war es, ihren Standpunkt zusammenzufassen. Dazu hier einige Stichpunkte:<\/p>\n<p>Frau Trinkwalder kritisiert die <span style=\"text-decoration: underline\">Rolle des Verbrauchers<\/span> und das <span style=\"text-decoration: underline\">Greenwashing der Unternehmen<\/span>:<\/p>\n<ul>\n<li>die Menschen tragen die Sehnsucht nach einer besseren Welt in sich<\/li>\n<li>deshalb werden ,,gr\u00fcne Produkte&#8220; gekauft, ohne deren Produktion genauer zu hinterfragen<\/li>\n<li>der Konsument hat die Macht, zu entscheiden, was er kauft, zeigt sich jedoch zu leichtgl\u00e4ubig und vertraut Scheinl\u00f6sungen<\/li>\n<li>der Schein, ,,gr\u00fcn&#8220; zu sein, ist f\u00fcr Unternehmen g\u00fcnstiger, als wirklich umweltfreundlich zu handeln<\/li>\n<li>der Verbraucher muss bereit sein, mehr f\u00fcr die Produkte zu bezahlen<\/li>\n<li>die Unternehmen m\u00fcssen bereit sein, Verantwortung f\u00fcr ihr Handeln zu unternehmen<\/li>\n<\/ul>\n<hr \/>\n<p>Die gesamte Pr\u00e4sentation aus dem Unterricht:<\/p>\n<p><a href=\"http:\/\/ethikblogs.de\/wp-content\/uploads\/2016\/10\/2016-Wirtschaftsethik.pdf\">2016-wirtschaftsethik<\/a><\/p>\n","protected":false},"excerpt":{"rendered":"<p>Gymnasium Gerabronn, Ethikkurs 2015-2017 Stundenzusammenfassung vom 24.10.2016 7:45 bis 9:20 18 Anwesende Referentin: S\u00fc Verfasser des Protokolls: Bananapancake0 __________________________________________________________________________________________ Gliederung:\u00a0 Wiederholung Hayek\/ Rawls Sind Ethik und Wirtschaft vereinbar? CSR und Greenwashing Manifest gegen Nachhaltigkeit ___________________________________________________________________________________________ &nbsp; 1.Wiederholung Hayek\/Raw Friedich August von Hayek John Rawls &nbsp; Bilder anklicken, dann werden sie gr\u00f6\u00dfer __________________________________________________________________________________________ &nbsp; 2.Sind Ethik [&hellip;]<\/p>\n","protected":false},"author":76,"featured_media":0,"comment_status":"open","ping_status":"open","sticky":false,"template":"","format":"standard","meta":{"footnotes":""},"categories":[16],"tags":[94,95,90,84],"class_list":["post-3533","post","type-post","status-publish","format-standard","hentry","category-protokolle","tag-csr","tag-greenwashing","tag-hayek","tag-rawls","missing-thumbnail"],"_links":{"self":[{"href":"https:\/\/ethikblogs.de\/index.php?rest_route=\/wp\/v2\/posts\/3533","targetHints":{"allow":["GET"]}}],"collection":[{"href":"https:\/\/ethikblogs.de\/index.php?rest_route=\/wp\/v2\/posts"}],"about":[{"href":"https:\/\/ethikblogs.de\/index.php?rest_route=\/wp\/v2\/types\/post"}],"author":[{"embeddable":true,"href":"https:\/\/ethikblogs.de\/index.php?rest_route=\/wp\/v2\/users\/76"}],"replies":[{"embeddable":true,"href":"https:\/\/ethikblogs.de\/index.php?rest_route=%2Fwp%2Fv2%2Fcomments&post=3533"}],"version-history":[{"count":37,"href":"https:\/\/ethikblogs.de\/index.php?rest_route=\/wp\/v2\/posts\/3533\/revisions"}],"predecessor-version":[{"id":3589,"href":"https:\/\/ethikblogs.de\/index.php?rest_route=\/wp\/v2\/posts\/3533\/revisions\/3589"}],"wp:attachment":[{"href":"https:\/\/ethikblogs.de\/index.php?rest_route=%2Fwp%2Fv2%2Fmedia&parent=3533"}],"wp:term":[{"taxonomy":"category","embeddable":true,"href":"https:\/\/ethikblogs.de\/index.php?rest_route=%2Fwp%2Fv2%2Fcategories&post=3533"},{"taxonomy":"post_tag","embeddable":true,"href":"https:\/\/ethikblogs.de\/index.php?rest_route=%2Fwp%2Fv2%2Ftags&post=3533"}],"curies":[{"name":"wp","href":"https:\/\/api.w.org\/{rel}","templated":true}]}}