{"id":3603,"date":"2016-11-13T19:28:38","date_gmt":"2016-11-13T19:28:38","guid":{"rendered":"http:\/\/ethikblogs.de\/?p=3603"},"modified":"2016-11-13T19:31:28","modified_gmt":"2016-11-13T19:31:28","slug":"protokoll-vom-07-11-2016","status":"publish","type":"post","link":"https:\/\/ethikblogs.de\/?p=3603","title":{"rendered":"Protokoll vom 07.11.2016"},"content":{"rendered":"<p>Protokoll vom 07.11.16, 9:40-11:15 Uhr<\/p>\n<p>Lehrerin: Frau Sch\u00fctze<\/p>\n<p>Verfasser: Mitgefuehl<\/p>\n<p><span style=\"text-decoration: underline\"><strong>Gliederung:<\/strong><\/span><\/p>\n<ol>\n<li>Film &#8222;Hannah Arendt&#8220; zu Ende schauen<\/li>\n<li>Meinungen zu dem Film vergleichen<\/li>\n<li>Aufgaben zum Film bearbeiten<\/li>\n<li>Zwillings- und Hirnforschung<\/li>\n<li>Freiheit aus Sicht der Biologie, Psychologie und Soziologie<\/li>\n<\/ol>\n<p><strong>1.<\/strong> Zuerst haben wir das Ende des Films &#8222;Hannah Arendt angeschaut, welchen wir die Doppelstunde zuvor angefangen hatten.<\/p>\n<p><strong>2.<\/strong> Anschlie\u00dfend sollte sich jeder seine erste Meinung zu dem Film \u00fcberlegen und diese verglichen wir dann. Wir kamen am Ende zu dem Ergebnis dass an dem Film positiv war, dass er echte Ausschnitte aus dem Prozess zeigte. Zudem ist der Film nicht so langweilig wie es erwartet wurde, da er sehr praxisbezogen ist und man alles leichter nachvollziehen konnte.<\/p>\n<p><strong>3.\u00a0<\/strong><span style=\"text-decoration: underline\">Aufgabe 1 a)<\/span> Arendts Philosophie besagt, dass B\u00f6ses entsteht wenn man aufh\u00f6rt zu Denken.<\/p>\n<p><span style=\"text-decoration: underline\">Aufgabe 2 a)<\/span> Adolf Eichmann hat w\u00e4hrend der NS-Diktatur die Z\u00fcge koordiniert und die Juden in die Konzentrationslager gebracht. Er wurde sp\u00e4ter in Brasilien festgenommen und in Israel angeklagt. W\u00e4hrend diesem Gerichtsprozess war problematisch, inwiefern die Taten des einzelnen Mannes vor Gericht standen oder ob das ganze ehemalige System verurteilt werden sollte. Arendt meinte \u00fcber Eichmann, er sei \u00fcberraschend normal und wirke nicht so wie sie sich einen Nazi vorgestellt hatte.<\/p>\n<p><span style=\"text-decoration: underline\">Aufgabe 2 b) <\/span><\/p>\n<p>Psychologische Determination:<\/p>\n<p>-&gt; Negierung der Verantwortlichkeit durch diese Argumentation:<\/p>\n<ul>\n<li>ihm war egal was bzw. wen er in seinen Z\u00fcgen transportierte<\/li>\n<li>h\u00e4tte er es nicht getan, h\u00e4tte es eben ein anderer gemacht<\/li>\n<li>er sei nicht verantwortlich gewesen f\u00fcr das, was nach der Zugfahrt passierte<\/li>\n<\/ul>\n<p>Soziologische Determination:<\/p>\n<ul>\n<li>er war milit\u00e4risch erzogen<\/li>\n<li>strenger Vater -&gt; er war es gewohnt Befehle entgegen zu nehmen und diese einfach auszuf\u00fchren<\/li>\n<\/ul>\n<p><strong>4. \u00a0 \u00a0<\/strong><span style=\"text-decoration: underline\">Hirnforschung:<\/span><\/p>\n<p>Das Gehirn wei\u00df schon einige Sekunden vorher wie es sich entscheiden wird, als es einem selbst \u00fcberhaupt bewusst wird. Mit Hilfe der Messung der Gehirnstr\u00f6me lassen sich die Entscheidungen bereits 10 Sekunden vorher feststellen. Das bedeutet, dass das sogenannte Bereitschaftspotential schon fr\u00fcher da ist. Es besteht allerdings die M\u00f6glichkeit einer kurzfristigen Umentscheidung des Gehirns.<\/p>\n<p><span style=\"text-decoration: underline\">Zwillingsforschung:<\/span><\/p>\n<p>Eineiige Zwillinge gleichen sich in ihren Pers\u00f6nlichkeitsmerkmalen und in ihrem Verhalten sehr stark w\u00e4hrend zweieiige Zwillinge sich st\u00e4rker unterscheiden. Daraus kann man den Schluss ziehen, dass die genetischen Eigenschaften f\u00fcr die pers\u00f6nliche Entwicklung sehr wichtig sind.<\/p>\n<p>Je \u00e4lter man wird, desto mehr Bedeutung bekommen die genetischen Eigenschaften und die fr\u00fcheren Umwelterfahrungen verlieren immer mehr ihrer Bedeutung.<\/p>\n<p><strong>5.\u00a0<\/strong>Wir betrachteten wie die Biologie, die Psychologie und die Soziologie die Freiheit erkl\u00e4ren und hielten es in diesem Schaubild fest:<\/p>\n<p><img loading=\"lazy\" decoding=\"async\" class=\"alignnone size-medium wp-image-3606\" src=\"http:\/\/ethikblogs.de\/wp-content\/uploads\/2016\/11\/a7043d1c-3222-4183-9aa8-6f9f1d077d1f-300x229.jpg\" alt=\"a7043d1c-3222-4183-9aa8-6f9f1d077d1f\" width=\"300\" height=\"229\" srcset=\"https:\/\/ethikblogs.de\/wp-content\/uploads\/2016\/11\/a7043d1c-3222-4183-9aa8-6f9f1d077d1f-300x229.jpg 300w, https:\/\/ethikblogs.de\/wp-content\/uploads\/2016\/11\/a7043d1c-3222-4183-9aa8-6f9f1d077d1f-301x230.jpg 301w, https:\/\/ethikblogs.de\/wp-content\/uploads\/2016\/11\/a7043d1c-3222-4183-9aa8-6f9f1d077d1f.jpg 686w\" sizes=\"auto, (max-width: 300px) 100vw, 300px\" \/><\/p>\n","protected":false},"excerpt":{"rendered":"<p>Protokoll vom 07.11.16, 9:40-11:15 Uhr Lehrerin: Frau Sch\u00fctze Verfasser: Mitgefuehl Gliederung: Film &#8222;Hannah Arendt&#8220; zu Ende schauen Meinungen zu dem Film vergleichen Aufgaben zum Film bearbeiten Zwillings- und Hirnforschung Freiheit aus Sicht der Biologie, Psychologie und Soziologie 1. Zuerst haben wir das Ende des Films &#8222;Hannah Arendt angeschaut, welchen wir die Doppelstunde zuvor angefangen hatten. [&hellip;]<\/p>\n","protected":false},"author":76,"featured_media":0,"comment_status":"open","ping_status":"open","sticky":false,"template":"","format":"standard","meta":{"footnotes":""},"categories":[16],"tags":[],"class_list":["post-3603","post","type-post","status-publish","format-standard","hentry","category-protokolle","missing-thumbnail"],"_links":{"self":[{"href":"https:\/\/ethikblogs.de\/index.php?rest_route=\/wp\/v2\/posts\/3603","targetHints":{"allow":["GET"]}}],"collection":[{"href":"https:\/\/ethikblogs.de\/index.php?rest_route=\/wp\/v2\/posts"}],"about":[{"href":"https:\/\/ethikblogs.de\/index.php?rest_route=\/wp\/v2\/types\/post"}],"author":[{"embeddable":true,"href":"https:\/\/ethikblogs.de\/index.php?rest_route=\/wp\/v2\/users\/76"}],"replies":[{"embeddable":true,"href":"https:\/\/ethikblogs.de\/index.php?rest_route=%2Fwp%2Fv2%2Fcomments&post=3603"}],"version-history":[{"count":1,"href":"https:\/\/ethikblogs.de\/index.php?rest_route=\/wp\/v2\/posts\/3603\/revisions"}],"predecessor-version":[{"id":3607,"href":"https:\/\/ethikblogs.de\/index.php?rest_route=\/wp\/v2\/posts\/3603\/revisions\/3607"}],"wp:attachment":[{"href":"https:\/\/ethikblogs.de\/index.php?rest_route=%2Fwp%2Fv2%2Fmedia&parent=3603"}],"wp:term":[{"taxonomy":"category","embeddable":true,"href":"https:\/\/ethikblogs.de\/index.php?rest_route=%2Fwp%2Fv2%2Fcategories&post=3603"},{"taxonomy":"post_tag","embeddable":true,"href":"https:\/\/ethikblogs.de\/index.php?rest_route=%2Fwp%2Fv2%2Ftags&post=3603"}],"curies":[{"name":"wp","href":"https:\/\/api.w.org\/{rel}","templated":true}]}}