{"id":3649,"date":"2016-12-24T12:40:38","date_gmt":"2016-12-24T12:40:38","guid":{"rendered":"http:\/\/ethikblogs.de\/?p=3649"},"modified":"2016-12-24T12:49:10","modified_gmt":"2016-12-24T12:49:10","slug":"ist-die-todesstrafe-bei-minderjaehrigen-ethisch-gerechtfertigt","status":"publish","type":"post","link":"https:\/\/ethikblogs.de\/?p=3649","title":{"rendered":"Ist die Todesstrafe bei Minderj\u00e4hrigen ethisch gerechtfertigt?"},"content":{"rendered":"<p style=\"text-align: justify\">George Stinney war ein afroamerikanischer Junge und lebte in den USA. Er war 14 Jahre alt, als er 1944 auf dem elektrischen Stuhl hingerichtet wurde. Angeklagt wurde er wegen zweifachen Mordes an zwei wei\u00dfen M\u00e4dchen (8 und 11 Jahre alt). Heute, 70<\/p>\n<figure style=\"width: 220px\" class=\"wp-caption alignright\"><a href=\"https:\/\/upload.wikimedia.org\/wikipedia\/commons\/thumb\/8\/83\/George_Stinney_mugshot.jpg\/220px-George_Stinney_mugshot.jpg\"><img loading=\"lazy\" decoding=\"async\" class=\"size-medium\" src=\"https:\/\/upload.wikimedia.org\/wikipedia\/commons\/thumb\/8\/83\/George_Stinney_mugshot.jpg\/220px-George_Stinney_mugshot.jpg\" alt=\"George Stinney \" width=\"220\" height=\"124\" \/><\/a><figcaption class=\"wp-caption-text\"><span style=\"color: #808080\">George Stinney<\/span><\/figcaption><\/figure>\n<p style=\"text-align: justify\">Jahre sp\u00e4ter, wurde er von der Richterin Carmen Mullen freigesprochen. Sie ist von seiner Unschuld \u00fcberzeugt. Die Geschwindigkeit des Prozesses l\u00e4sst auf keine Sorgfalt bei den Ermittlungen schlie\u00dfen (3 Monate).<\/p>\n<p style=\"text-align: justify\">Dies ist nur ein Beispiel von vielen \u00fcber die Todesstrafe bei Minderj\u00e4hrigen. Selbst heute noch wird sie an Jugendlichen angewandt. Vor allem im Iran.<\/p>\n<p style=\"text-align: justify\">Meine Meinung zu dem Thema ist eindeutig. Ich kann es nicht verstehen, wie man eine irreparable Strafe wie diese gegen Kinder einsetzten kann. Generell sollte versucht werden Jugendstraft\u00e4ter nach ihrer Haft wieder in die Gesellschaft zu integrieren. Schlie\u00dflich <a href=\"http:\/\/www.amnesty-todesstrafe.de\/files\/reader_todesstrafe-gegen-minderjaehrige.pdf\">\u201ekann [man] sie nicht mit denselben Ma\u00dfst\u00e4ben messen wie [Erwachsene].\u201c<sup>1<\/sup><\/a> Ihnen fehlt die Reife, wodurch sie die Folgen ihres Handelns nicht komplett verstehen und nachvollziehen k\u00f6nnen. Sie entwickeln sich erst noch, wodurch ein Besserungsverm\u00f6gen nicht ausgeschlossen werden kann. Jugendliche sollten f\u00fcr ihre Taten Sozialdienste, Geld-, oder im schlimmsten Fall Haftstrafen bekommen, denn seine eigene Lehre sollte man schon ziehen. Die Toddesstrafe hingegen nimmt jegliche Chance auf Verbesserung. Sie nimmt den jungen Menschen ihre Zukunft. Jeder hat eine zweite Chance verdient.<\/p>\n<p style=\"text-align: justify\">Au\u00dferdem verst\u00f6\u00dft die Anwendung der Todesstrafe bei Minderj\u00e4hrigen gegen das V\u00f6lkerrecht, die Menschenrechte und das \u00dcbereinkommen \u00fcber die Rechte des Kindes.<\/p>\n<p style=\"text-align: justify\">Das ist meine Meinung zu diesem Thema. Oder glaubt ihr, dass die Todesstrafe bei besonders schlimmen Taten, wie Mord, gerechtfertigt ist, auch wenn der T\u00e4ter minderj\u00e4hrig ist? Was meint ihr dazu? \u00a0 \ud83d\ude42<\/p>\n<p style=\"text-align: justify\">\n<p><span style=\"color: #808080\">1 aus Amnesty international: <em>Stoppt die Hinrichtung Minderj\u00e4hriger!<\/em> &#8211; Aktualisierungsdatum: 14.10.2015, Seite 3<\/span><\/p>\n","protected":false},"excerpt":{"rendered":"<p>George Stinney war ein afroamerikanischer Junge und lebte in den USA. Er war 14 Jahre alt, als er 1944 auf dem elektrischen Stuhl hingerichtet wurde. Angeklagt wurde er wegen zweifachen Mordes an zwei wei\u00dfen M\u00e4dchen (8 und 11 Jahre alt). Heute, 70 Jahre sp\u00e4ter, wurde er von der Richterin Carmen Mullen freigesprochen. Sie ist von [&hellip;]<\/p>\n","protected":false},"author":76,"featured_media":0,"comment_status":"open","ping_status":"open","sticky":false,"template":"","format":"standard","meta":{"footnotes":""},"categories":[6,8,17],"tags":[97,98,96],"class_list":["post-3649","post","type-post","status-publish","format-standard","hentry","category-freiheit","category-gesellschaft","category-rechtgerechtigkeit","tag-george-stinney","tag-recht-und-gerechtigkeit","tag-todesstrafe","missing-thumbnail"],"_links":{"self":[{"href":"https:\/\/ethikblogs.de\/index.php?rest_route=\/wp\/v2\/posts\/3649","targetHints":{"allow":["GET"]}}],"collection":[{"href":"https:\/\/ethikblogs.de\/index.php?rest_route=\/wp\/v2\/posts"}],"about":[{"href":"https:\/\/ethikblogs.de\/index.php?rest_route=\/wp\/v2\/types\/post"}],"author":[{"embeddable":true,"href":"https:\/\/ethikblogs.de\/index.php?rest_route=\/wp\/v2\/users\/76"}],"replies":[{"embeddable":true,"href":"https:\/\/ethikblogs.de\/index.php?rest_route=%2Fwp%2Fv2%2Fcomments&post=3649"}],"version-history":[{"count":3,"href":"https:\/\/ethikblogs.de\/index.php?rest_route=\/wp\/v2\/posts\/3649\/revisions"}],"predecessor-version":[{"id":3652,"href":"https:\/\/ethikblogs.de\/index.php?rest_route=\/wp\/v2\/posts\/3649\/revisions\/3652"}],"wp:attachment":[{"href":"https:\/\/ethikblogs.de\/index.php?rest_route=%2Fwp%2Fv2%2Fmedia&parent=3649"}],"wp:term":[{"taxonomy":"category","embeddable":true,"href":"https:\/\/ethikblogs.de\/index.php?rest_route=%2Fwp%2Fv2%2Fcategories&post=3649"},{"taxonomy":"post_tag","embeddable":true,"href":"https:\/\/ethikblogs.de\/index.php?rest_route=%2Fwp%2Fv2%2Ftags&post=3649"}],"curies":[{"name":"wp","href":"https:\/\/api.w.org\/{rel}","templated":true}]}}