{"id":3827,"date":"2017-01-13T14:52:53","date_gmt":"2017-01-13T14:52:53","guid":{"rendered":"http:\/\/ethikblogs.de\/?p=3827"},"modified":"2017-01-13T14:52:53","modified_gmt":"2017-01-13T14:52:53","slug":"aktive-sterbehilfe-me-before-you-jojo-moyes","status":"publish","type":"post","link":"https:\/\/ethikblogs.de\/?p=3827","title":{"rendered":"Aktive Sterbehilfe- Me before You (Jojo Moyes)"},"content":{"rendered":"<p>Aktive Sterbehilfe<\/p>\n<p>Es ist einige Zeit her, da habe ich ein Buch in die Hand genommen mit dem Namen <strong>\u201eMe before You\u201c<\/strong> (dt. Ein ganzes halbes Jahr) von Jojo Moyes. Besagtes Buch erz\u00e4hlt von Will Traynor, einem Mann, der nach einem Unfall querschnittsgel\u00e4hmt ist. Er ist st\u00e4ndig auf die Hilfe anderer angewiesen, kann seine H\u00e4nde nur sehr eingeschr\u00e4nkt bewegen und braucht bei fast Allem Hilfe, weshalb er, nach einem gescheiterten Suizidversuch beschlie\u00dft in die Schweiz zu fahren um sein Leben in W\u00fcrde zu beenden. Er sagt, es sei die letzte Entscheidung die er ganz alleine treffen kann.<\/p>\n<p>Nun aber, ist das richtig?\u00a0 Ist es gut, dass es die M\u00f6glichkeit gibt?<\/p>\n<p>Diese Frage habe ich mir gestellt als ich dieses Buch zu Ende gelesen hatte. Und ich bin zu keinem eindeutigen Entschluss gekommen.<\/p>\n<p>Die aktive Sterbehilfe ist ein stark umstrittenes Thema. Es wird bei den Gegnern viel mit Gott argumentiert (<em>Ex 20,13: &#8222;Du sollst nicht t\u00f6ten&#8220; \u2013 auch nicht Kranke und Sterbende\u201c<\/em>), jedoch auch damit, dass keine Diagnose mit 100% Sicherheit stimmt, dass man sich gen\u00f6tigt f\u00fchlen k\u00f6nnte weil man denkt eine Last zu sein, und dass es zu Komplikationen kommen k\u00f6nnte.<\/p>\n<p>Aber spielen diese Argumente eine Rolle f\u00fcr einen Menschen, der sein Leben beenden m\u00f6chte?<\/p>\n<p>Ich glaube nicht. Verliert ein Mensch der krank ist sein Recht auf Selbstbestimmung? Sollte ein Mensch mit unbeschreiblichen Schmerzen, die nur mit viel Schmerzmittel gelindert werden k\u00f6nnen nicht das Recht haben diese Schmerzen, dieses ewige Leiden zu beenden?<\/p>\n<p>Meiner Meinung nach sollte er dieses Recht haben. Viele Menschen denken vielleicht, dass der Wunsch zu sterben egoistisch ist, da man die anderen mit den Schmerzen zur\u00fcckl\u00e4sst, aber ist es nicht andersherum genauso egoistisch, wenn die gesunden das Leben der anderen, leidenden Person wollen, nur um selbst keine Schmerzen zu empfinden?<\/p>\n<p>Wills Pflegerin Lou will ihn davon \u00fcberzeugen seine Entscheidung zu \u00fcberdenken, sie will ihm zeigen, wie viel das Leben noch wert ist und, dass er auch nach seinem Unfall ein gutes Leben haben kann. Sie recherchiert im Internet und trifft auf eine Seite, auf der andere querschnittsgel\u00e4hmte Menschen und deren Pfleger sind und fragt diese, was sie tun kann um ihn umzustimmen, ihn davon abzuhalten in die Schweiz zu gehen. Als Antwort bekommt sie:<\/p>\n<blockquote><p><em> \u201cYou can only actually help someone who wants to be helped.\u201d (\u201cDu kannst nur dem wirklich helfen, dem auch geholfen werden will.\u201d)<\/em><\/p><\/blockquote>\n<p>Meiner Meinung nach stimmt das, wer sein Leben wirklich beenden will wird es schaffen, egal auf welche Art und Weise. Wenn die Person deine Hilfe nicht will, wird sie diese nicht annehmen, wird sie sich mit gro\u00dfer Wahrscheinlichkeit nicht umstimmen lassen. Klar ist es edel es zu versuchen, aber man sollte dann nicht zu entt\u00e4uscht sein, wenn es nicht funktioniert.<\/p>\n<p>Im Grunde will ich nichts sagen, au\u00dfer dass ich es wichtig finde, dass die W\u00fcnsche von sterbenden nicht verurteilt werden, nicht als egoistisch angesehen werden. Niemand wei\u00df, wie es im Inneren eines Menschen aussieht der sich so etwas w\u00fcnscht, niemand, der nicht in der gleichen Situation ist kennt das Verlangen aufstehen zu wollen und es nicht zu schaffen, niemand kennt die Schmerzen, die ein Mensch mit Knochenkrebs t\u00e4glich erleiden muss, niemand wei\u00df wie es ist sterben zu wollen.<\/p>\n<p>Die Personen die es wissen, denen es so schlecht geht, dass sie sich w\u00fcnschen endlich erl\u00f6st zu werden, wieso kann man diesen Menschen den Wunsch nach einem w\u00fcrdevollen Tod nicht auf legale Weise erm\u00f6glichen?<\/p>\n<p>&nbsp;<\/p>\n<p>Wie steht ihr zum Thema aktive Sterbehilfe? Wie w\u00fcrdet ihr reagieren, wenn ihr damit konfrontiert werden w\u00fcrdet?<\/p>\n<p>&nbsp;<\/p>\n<p>Quelle:<\/p>\n<p>Me before You- Jojo Moyes<\/p>\n<p>&nbsp;<\/p>\n<p>&nbsp;<\/p>\n","protected":false},"excerpt":{"rendered":"<p>Aktive Sterbehilfe Es ist einige Zeit her, da habe ich ein Buch in die Hand genommen mit dem Namen \u201eMe before You\u201c (dt. Ein ganzes halbes Jahr) von Jojo Moyes. Besagtes Buch erz\u00e4hlt von Will Traynor, einem Mann, der nach einem Unfall querschnittsgel\u00e4hmt ist. Er ist st\u00e4ndig auf die Hilfe anderer angewiesen, kann seine H\u00e4nde [&hellip;]<\/p>\n","protected":false},"author":76,"featured_media":0,"comment_status":"open","ping_status":"open","sticky":false,"template":"","format":"standard","meta":{"footnotes":""},"categories":[6,8,17],"tags":[],"class_list":["post-3827","post","type-post","status-publish","format-standard","hentry","category-freiheit","category-gesellschaft","category-rechtgerechtigkeit","missing-thumbnail"],"_links":{"self":[{"href":"https:\/\/ethikblogs.de\/index.php?rest_route=\/wp\/v2\/posts\/3827","targetHints":{"allow":["GET"]}}],"collection":[{"href":"https:\/\/ethikblogs.de\/index.php?rest_route=\/wp\/v2\/posts"}],"about":[{"href":"https:\/\/ethikblogs.de\/index.php?rest_route=\/wp\/v2\/types\/post"}],"author":[{"embeddable":true,"href":"https:\/\/ethikblogs.de\/index.php?rest_route=\/wp\/v2\/users\/76"}],"replies":[{"embeddable":true,"href":"https:\/\/ethikblogs.de\/index.php?rest_route=%2Fwp%2Fv2%2Fcomments&post=3827"}],"version-history":[{"count":3,"href":"https:\/\/ethikblogs.de\/index.php?rest_route=\/wp\/v2\/posts\/3827\/revisions"}],"predecessor-version":[{"id":3832,"href":"https:\/\/ethikblogs.de\/index.php?rest_route=\/wp\/v2\/posts\/3827\/revisions\/3832"}],"wp:attachment":[{"href":"https:\/\/ethikblogs.de\/index.php?rest_route=%2Fwp%2Fv2%2Fmedia&parent=3827"}],"wp:term":[{"taxonomy":"category","embeddable":true,"href":"https:\/\/ethikblogs.de\/index.php?rest_route=%2Fwp%2Fv2%2Fcategories&post=3827"},{"taxonomy":"post_tag","embeddable":true,"href":"https:\/\/ethikblogs.de\/index.php?rest_route=%2Fwp%2Fv2%2Ftags&post=3827"}],"curies":[{"name":"wp","href":"https:\/\/api.w.org\/{rel}","templated":true}]}}