{"id":401,"date":"2012-04-21T19:00:53","date_gmt":"2012-04-21T17:00:53","guid":{"rendered":"http:\/\/ethik13.wordpress.com\/?p=401"},"modified":"2012-04-21T19:00:53","modified_gmt":"2012-04-21T17:00:53","slug":"fragen-zu-kant","status":"publish","type":"post","link":"https:\/\/ethikblogs.de\/?p=401","title":{"rendered":"Fragen zu Kant"},"content":{"rendered":"<ul>\n<li><span style=\"line-height:13px;\">Kann ich alles denken? &#8211;&gt; ja<\/span><\/li>\n<li><span style=\"line-height:13px;\">Was ich nicht denken kann, kann ich auch nicht wollen? &#8211;&gt; man kann alles denken, die wirkliche Wirklichkeit kann ich jedoch nicht erkennen und dar\u00fcber nachdenken (wegen mangelhafter Erkenntniswerkzeuge). Etwas, was ich nicht wollen kann, kann ich trotzdem denken.<\/span><\/li>\n<li><span style=\"line-height:13px;\">Bei der Verallgemeinerung der Maximen bei Kants kategorischem Imperativ muss ich doch pr\u00fcfen, ob ich die Maxime denken und wollen kann. &#8211;&gt; ja<\/span><\/li>\n<li><span style=\"line-height:13px;\">Aber denken kann ich doch prinzipiell alles. Wie kann ich dann eine Maxime (verallgemeinert) nicht denken? &#8211;&gt; Widerspr\u00fcche schlie\u00dfen sich aus, z.B. kann ich nicht die Maxime formulieren, dass ich (in Notsituationen) l\u00fcgen darf und gleichzeitig erwarten, dass ich in einer st\u00e4ndig ehrlichen Gesellschaft leben darf. (Wenn ich l\u00fcge, kann ich prinzipiell von allen angelogen werden (oder auch nicht).<\/span><\/li>\n<li><span style=\"line-height:13px;\">Sind alle Maximen universalisierbar? &#8211;&gt; sollten sie sein, wenn nicht, dann sollten sie umformuliert werden.<\/span><\/li>\n<li><span style=\"line-height:13px;\">Und wann genau kann man sie nicht denken? &#8211;&gt; s.o.<\/span><\/li>\n<li><span style=\"line-height:13px;\">Kann man Maximen als pers\u00f6nlichen Handlungsvorsatz definieren? &#8211;&gt; ja<\/span><\/li>\n<li><span style=\"line-height:13px;\">und diese sind dann f\u00fcr jeden anders, oder? &#8211;&gt; ja, indem sie verallgemeinert werden, kann gepr\u00fcft werden, ob genau diese Maxime als vern\u00fcnftiger (moralischer) Handlungsgrundsatz dient. (Indem ich pr\u00fcfe, ob ich wollen bzw. denken kann, dass sie den Status eines allgemeinen Gesetzes annehmen)<\/span><\/li>\n<\/ul>\n<div><span style=\"line-height:13px;\">weitere Fragen?<\/span><\/div>\n","protected":false},"excerpt":{"rendered":"<p>Kann ich alles denken? &#8211;&gt; ja Was ich nicht denken kann, kann ich auch nicht wollen? &#8211;&gt; man kann alles denken, die wirkliche Wirklichkeit kann ich jedoch nicht erkennen und dar\u00fcber nachdenken (wegen mangelhafter Erkenntniswerkzeuge). Etwas, was ich nicht wollen kann, kann ich trotzdem denken. Bei der Verallgemeinerung der Maximen bei Kants kategorischem Imperativ muss [&hellip;]<\/p>\n","protected":false},"author":2,"featured_media":0,"comment_status":"open","ping_status":"open","sticky":false,"template":"","format":"standard","meta":{"footnotes":""},"categories":[10,14],"tags":[],"class_list":["post-401","post","type-post","status-publish","format-standard","hentry","category-klausur","category-philosophie","missing-thumbnail"],"_links":{"self":[{"href":"https:\/\/ethikblogs.de\/index.php?rest_route=\/wp\/v2\/posts\/401","targetHints":{"allow":["GET"]}}],"collection":[{"href":"https:\/\/ethikblogs.de\/index.php?rest_route=\/wp\/v2\/posts"}],"about":[{"href":"https:\/\/ethikblogs.de\/index.php?rest_route=\/wp\/v2\/types\/post"}],"author":[{"embeddable":true,"href":"https:\/\/ethikblogs.de\/index.php?rest_route=\/wp\/v2\/users\/2"}],"replies":[{"embeddable":true,"href":"https:\/\/ethikblogs.de\/index.php?rest_route=%2Fwp%2Fv2%2Fcomments&post=401"}],"version-history":[{"count":0,"href":"https:\/\/ethikblogs.de\/index.php?rest_route=\/wp\/v2\/posts\/401\/revisions"}],"wp:attachment":[{"href":"https:\/\/ethikblogs.de\/index.php?rest_route=%2Fwp%2Fv2%2Fmedia&parent=401"}],"wp:term":[{"taxonomy":"category","embeddable":true,"href":"https:\/\/ethikblogs.de\/index.php?rest_route=%2Fwp%2Fv2%2Fcategories&post=401"},{"taxonomy":"post_tag","embeddable":true,"href":"https:\/\/ethikblogs.de\/index.php?rest_route=%2Fwp%2Fv2%2Ftags&post=401"}],"curies":[{"name":"wp","href":"https:\/\/api.w.org\/{rel}","templated":true}]}}