{"id":4046,"date":"2017-09-20T20:18:37","date_gmt":"2017-09-20T20:18:37","guid":{"rendered":"http:\/\/ethikblogs.de\/?p=4046"},"modified":"2017-09-20T20:19:38","modified_gmt":"2017-09-20T20:19:38","slug":"fragen","status":"publish","type":"post","link":"https:\/\/ethikblogs.de\/?p=4046","title":{"rendered":"Fragen"},"content":{"rendered":"<p>Letzte Woche war ich bei einer Diskussionsrunde von Sch\u00fclern mit dem Dalai Lama. Die Sch\u00fcler auf dem Podium konnten ihm Fragen stellen und er antwortete darauf. Im Saal selbst sa\u00dfen etwa 1800 Sch\u00fcler.<\/p>\n<h2>Welche Frage h\u00e4ttest du gestellt?<\/h2>\n<p><a href=\"http:\/\/ethikblogs.de\/wp-content\/uploads\/2017\/09\/DalaiLama_Diskussionsrunde.jpg\"><img loading=\"lazy\" decoding=\"async\" class=\"alignnone size-medium wp-image-4047\" src=\"http:\/\/ethikblogs.de\/wp-content\/uploads\/2017\/09\/DalaiLama_Diskussionsrunde-300x200.jpg\" alt=\"\" width=\"300\" height=\"200\" srcset=\"https:\/\/ethikblogs.de\/wp-content\/uploads\/2017\/09\/DalaiLama_Diskussionsrunde-300x200.jpg 300w, https:\/\/ethikblogs.de\/wp-content\/uploads\/2017\/09\/DalaiLama_Diskussionsrunde-768x512.jpg 768w, https:\/\/ethikblogs.de\/wp-content\/uploads\/2017\/09\/DalaiLama_Diskussionsrunde-1024x683.jpg 1024w, https:\/\/ethikblogs.de\/wp-content\/uploads\/2017\/09\/DalaiLama_Diskussionsrunde-345x230.jpg 345w, https:\/\/ethikblogs.de\/wp-content\/uploads\/2017\/09\/DalaiLama_Diskussionsrunde.jpg 1200w\" sizes=\"auto, (max-width: 300px) 100vw, 300px\" \/><\/a> <a href=\"http:\/\/ethikblogs.de\/wp-content\/uploads\/2017\/09\/DalaiLama_himself.jpg\"><img loading=\"lazy\" decoding=\"async\" class=\"alignnone size-medium wp-image-4048\" src=\"http:\/\/ethikblogs.de\/wp-content\/uploads\/2017\/09\/DalaiLama_himself-300x200.jpg\" alt=\"\" width=\"300\" height=\"200\" srcset=\"https:\/\/ethikblogs.de\/wp-content\/uploads\/2017\/09\/DalaiLama_himself-300x200.jpg 300w, https:\/\/ethikblogs.de\/wp-content\/uploads\/2017\/09\/DalaiLama_himself-768x512.jpg 768w, https:\/\/ethikblogs.de\/wp-content\/uploads\/2017\/09\/DalaiLama_himself-1024x683.jpg 1024w, https:\/\/ethikblogs.de\/wp-content\/uploads\/2017\/09\/DalaiLama_himself-345x230.jpg 345w, https:\/\/ethikblogs.de\/wp-content\/uploads\/2017\/09\/DalaiLama_himself.jpg 1200w\" sizes=\"auto, (max-width: 300px) 100vw, 300px\" \/><\/a><\/p>\n<p>(Bildquellen: eigene Fotos, 13.9.2017 in FFM, CC-by-SA)<\/p>\n","protected":false},"excerpt":{"rendered":"<p>Letzte Woche war ich bei einer Diskussionsrunde von Sch\u00fclern mit dem Dalai Lama. Die Sch\u00fcler auf dem Podium konnten ihm Fragen stellen und er antwortete darauf. Im Saal selbst sa\u00dfen etwa 1800 Sch\u00fcler. Welche Frage h\u00e4ttest du gestellt? (Bildquellen: eigene Fotos, 13.9.2017 in FFM, CC-by-SA)<\/p>\n","protected":false},"author":2,"featured_media":0,"comment_status":"open","ping_status":"open","sticky":false,"template":"","format":"standard","meta":{"footnotes":""},"categories":[8,15],"tags":[],"class_list":["post-4046","post","type-post","status-publish","format-standard","hentry","category-gesellschaft","category-philosophieren","missing-thumbnail"],"_links":{"self":[{"href":"https:\/\/ethikblogs.de\/index.php?rest_route=\/wp\/v2\/posts\/4046","targetHints":{"allow":["GET"]}}],"collection":[{"href":"https:\/\/ethikblogs.de\/index.php?rest_route=\/wp\/v2\/posts"}],"about":[{"href":"https:\/\/ethikblogs.de\/index.php?rest_route=\/wp\/v2\/types\/post"}],"author":[{"embeddable":true,"href":"https:\/\/ethikblogs.de\/index.php?rest_route=\/wp\/v2\/users\/2"}],"replies":[{"embeddable":true,"href":"https:\/\/ethikblogs.de\/index.php?rest_route=%2Fwp%2Fv2%2Fcomments&post=4046"}],"version-history":[{"count":2,"href":"https:\/\/ethikblogs.de\/index.php?rest_route=\/wp\/v2\/posts\/4046\/revisions"}],"predecessor-version":[{"id":4050,"href":"https:\/\/ethikblogs.de\/index.php?rest_route=\/wp\/v2\/posts\/4046\/revisions\/4050"}],"wp:attachment":[{"href":"https:\/\/ethikblogs.de\/index.php?rest_route=%2Fwp%2Fv2%2Fmedia&parent=4046"}],"wp:term":[{"taxonomy":"category","embeddable":true,"href":"https:\/\/ethikblogs.de\/index.php?rest_route=%2Fwp%2Fv2%2Fcategories&post=4046"},{"taxonomy":"post_tag","embeddable":true,"href":"https:\/\/ethikblogs.de\/index.php?rest_route=%2Fwp%2Fv2%2Ftags&post=4046"}],"curies":[{"name":"wp","href":"https:\/\/api.w.org\/{rel}","templated":true}]}}