{"id":4251,"date":"2018-01-07T15:17:09","date_gmt":"2018-01-07T14:17:09","guid":{"rendered":"http:\/\/ethikblogs.de\/?p=4251"},"modified":"2018-01-20T10:06:45","modified_gmt":"2018-01-20T09:06:45","slug":"cybermobbing-wer-traegt-die-schuld","status":"publish","type":"post","link":"https:\/\/ethikblogs.de\/?p=4251","title":{"rendered":"Cybermobbing \u2013 wer tr\u00e4gt die Schuld?"},"content":{"rendered":"<p>Mobbing, ein Wort das heute fast allt\u00e4glich verwendet wird und dabei viel zu oft falsch.\u00a0\u00a0\u00a0\u00a0\u00a0\u00a0\u00a0\u00a0\u00a0\u00a0\u00a0\u00a0\u00a0\u00a0\u00a0\u00a0\u00a0\u00a0\u00a0\u00a0\u00a0\u00a0\u00a0\u00a0\u00a0\u00a0\u00a0\u00a0\u00a0\u00a0\u00a0\u00a0\u00a0\u00a0\u00a0\u00a0\u00a0\u00a0\u00a0\u00a0\u00a0\u00a0\u00a0\u00a0\u00a0\u00a0\u00a0\u00a0 Zu Beginn stellt sich also die Frage, was ist Mobbing?\u00a0Eine allgemeine Definition gibt es nicht, jedoch beschreibt Mobbing \u201ePsychoterror am Arbeitsplatz mit dem Ziel den Betroffenen aus dem Betrieb herauszuekeln\u201c.\u00a0\u00a0\u00a0\u00a0\u00a0\u00a0\u00a0\u00a0\u00a0\u00a0\u00a0\u00a0\u00a0\u00a0\u00a0\u00a0\u00a0\u00a0\u00a0\u00a0\u00a0\u00a0 Jedoch gibt es Mobbing schon lange nicht mehr nur am Arbeitsplatz, bereits im Kindergarten werden Kinder gezielt schikaniert und ausgegrenzt.\u00a0\u00a0\u00a0\u00a0\u00a0\u00a0\u00a0\u00a0\u00a0\u00a0\u00a0\u00a0\u00a0\u00a0\u00a0\u00a0\u00a0\u00a0\u00a0\u00a0\u00a0\u00a0\u00a0\u00a0\u00a0\u00a0\u00a0\u00a0\u00a0\u00a0\u00a0\u00a0\u00a0\u00a0\u00a0\u00a0\u00a0\u00a0\u00a0\u00a0\u00a0\u00a0\u00a0\u00a0\u00a0\u00a0\u00a0\u00a0\u00a0\u00a0\u00a0\u00a0\u00a0\u00a0\u00a0\u00a0\u00a0\u00a0\u00a0\u00a0\u00a0\u00a0\u00a0\u00a0\u00a0\u00a0\u00a0\u00a0\u00a0\u00a0\u00a0\u00a0\u00a0\u00a0\u00a0\u00a0\u00a0\u00a0\u00a0\u00a0\u00a0\u00a0\u00a0\u00a0\u00a0\u00a0\u00a0\u00a0\u00a0\u00a0\u00a0\u00a0\u00a0\u00a0\u00a0\u00a0\u00a0\u00a0\u00a0\u00a0\u00a0\u00a0\u00a0\u00a0\u00a0\u00a0\u00a0\u00a0\u00a0\u00a0\u00a0\u00a0\u00a0\u00a0\u00a0\u00a0\u00a0\u00a0\u00a0\u00a0\u00a0\u00a0\u00a0\u00a0\u00a0\u00a0\u00a0\u00a0\u00a0\u00a0\u00a0\u00a0\u00a0\u00a0\u00a0\u00a0\u00a0\u00a0\u00a0\u00a0\u00a0\u00a0 Durch die modernen Techniken, wie Smartphones und Computern wird das \u201eMobben\u201c immer leichter. Immer h\u00e4ufiger wird das Internet als Austragungsort genutzt \u2013 Cybermobbing wird dieses Ph\u00e4nomen genannt.\u00a0\u00a0\u00a0\u00a0\u00a0\u00a0\u00a0\u00a0\u00a0\u00a0\u00a0\u00a0\u00a0\u00a0\u00a0\u00a0\u00a0\u00a0\u00a0\u00a0\u00a0\u00a0\u00a0\u00a0\u00a0\u00a0\u00a0\u00a0\u00a0\u00a0\u00a0\u00a0\u00a0\u00a0 Cybermobbing ist Mobbing auf digitalen Plattformen und Kan\u00e4len, dabei werden die Betroffenen h\u00e4ufig mit Bildern oder auch durch Videos bel\u00e4stigt und blo\u00dfgestellt.\u00a0\u00a0\u00a0\u00a0\u00a0\u00a0\u00a0\u00a0\u00a0\u00a0\u00a0\u00a0\u00a0\u00a0\u00a0\u00a0\u00a0\u00a0\u00a0\u00a0\u00a0\u00a0\u00a0\u00a0\u00a0\u00a0\u00a0\u00a0\u00a0\u00a0\u00a0\u00a0\u00a0\u00a0\u00a0\u00a0\u00a0\u00a0\u00a0\u00a0\u00a0\u00a0\u00a0\u00a0\u00a0\u00a0\u00a0\u00a0\u00a0\u00a0\u00a0\u00a0\u00a0\u00a0\u00a0\u00a0\u00a0\u00a0\u00a0\u00a0\u00a0\u00a0\u00a0\u00a0\u00a0\u00a0\u00a0\u00a0\u00a0\u00a0\u00a0\u00a0\u00a0\u00a0\u00a0\u00a0\u00a0\u00a0\u00a0\u00a0\u00a0\u00a0\u00a0\u00a0\u00a0\u00a0\u00a0\u00a0\u00a0\u00a0\u00a0\u00a0\u00a0\u00a0\u00a0\u00a0\u00a0\u00a0\u00a0\u00a0\u00a0\u00a0\u00a0\u00a0\u00a0\u00a0 Sehr h\u00e4ufig werden inzwischen ebenfalls Beleidigungen \u00fcber den Messenger \u201eWhatsapp\u201c gemacht. Dadurch k\u00f6nnen beispielsweise peinliche Fotos schnell verbreitet werden.<\/p>\n<p style=\"text-align: left;\">\n<p>Doch f\u00fcr mich pers\u00f6nlich stellt sich nun die Frage, wer die Schuld an Cybermobbing tr\u00e4gt. Sind es die Hersteller der technischen Ger\u00e4te, die Betreiber der sozialen Plattformen oder vielleicht die Eltern, die ihre Aufsichtspflicht vernachl\u00e4ssigen?<\/p>\n<p>Zu Beginn m\u00f6chte ich die Schuld direkt von den Eltern weisen; gr\u00f6\u00dftenteils.\u00a0\u00a0\u00a0\u00a0\u00a0\u00a0\u00a0\u00a0\u00a0\u00a0\u00a0\u00a0\u00a0\u00a0\u00a0\u00a0\u00a0\u00a0\u00a0\u00a0\u00a0\u00a0\u00a0\u00a0\u00a0\u00a0\u00a0\u00a0\u00a0\u00a0\u00a0\u00a0\u00a0\u00a0\u00a0\u00a0\u00a0\u00a0\u00a0\u00a0\u00a0\u00a0\u00a0\u00a0\u00a0\u00a0\u00a0\u00a0\u00a0\u00a0\u00a0\u00a0\u00a0\u00a0\u00a0\u00a0\u00a0\u00a0\u00a0\u00a0\u00a0\u00a0\u00a0\u00a0\u00a0\u00a0\u00a0\u00a0 Als Eltern ist es nahezu unm\u00f6glich jede Aktivit\u00e4t des Kindes im Internet zu verfolgen und zu kontrollieren, oftmals vertrauen Eltern ihren Kindern beim Umgang mit modernen Medien. Im Alter zwischen 12 und 19 Jahren hatten 34% der 1200 Befragten einen Bekannten, der bereits per Handy oder Internet fertig gemacht wurde. Das zeigt deutlich, dass das Alter der Opfer weit \u00fcber das \u201eKinderalter\u201c geht und somit die Eltern gar nicht mehr die Kontrolle \u00fcbernehmen k\u00f6nnen. Denn meistens wird man von gleichaltrigen gemobbt und im Alter von 19 Jahren kontrollieren Eltern nicht mehr ihre Kinder.\u00a0\u00a0\u00a0\u00a0\u00a0\u00a0\u00a0\u00a0\u00a0\u00a0\u00a0\u00a0\u00a0\u00a0\u00a0\u00a0\u00a0\u00a0\u00a0\u00a0\u00a0\u00a0\u00a0\u00a0\u00a0\u00a0\u00a0\u00a0\u00a0\u00a0\u00a0\u00a0\u00a0\u00a0\u00a0\u00a0\u00a0\u00a0\u00a0\u00a0\u00a0\u00a0\u00a0\u00a0\u00a0\u00a0\u00a0\u00a0\u00a0\u00a0\u00a0\u00a0\u00a0\u00a0\u00a0\u00a0\u00a0\u00a0\u00a0\u00a0\u00a0\u00a0\u00a0\u00a0\u00a0\u00a0\u00a0\u00a0\u00a0\u00a0\u00a0\u00a0\u00a0\u00a0\u00a0\u00a0\u00a0\u00a0\u00a0\u00a0\u00a0\u00a0\u00a0\u00a0\u00a0\u00a0\u00a0\u00a0\u00a0\u00a0\u00a0\u00a0\u00a0\u00a0\u00a0\u00a0\u00a0\u00a0\u00a0\u00a0\u00a0\u00a0\u00a0\u00a0\u00a0\u00a0\u00a0\u00a0\u00a0\u00a0\u00a0\u00a0\u00a0\u00a0\u00a0\u00a0\u00a0\u00a0\u00a0\u00a0\u00a0\u00a0\u00a0\u00a0\u00a0\u00a0\u00a0\u00a0\u00a0\u00a0\u00a0\u00a0\u00a0\u00a0\u00a0\u00a0\u00a0\u00a0\u00a0\u00a0\u00a0\u00a0\u00a0 Jedoch m\u00f6chte ich die Schuld nicht, wie bereits erw\u00e4hnt, komplett von den Eltern weisen. Denn inzwischen sinkt das Alter der Kinder, indem sie ihr erstes Handy bekommen, sehr rasant. Immer fr\u00fcher nutzen die Kinder die neuen hochentwickelten Ger\u00e4te, manche bekommen bereits in der Grundschule ein Smartphone geschenkt.\u00a0\u00a0\u00a0\u00a0\u00a0\u00a0\u00a0\u00a0\u00a0\u00a0\u00a0\u00a0\u00a0\u00a0\u00a0\u00a0\u00a0\u00a0\u00a0\u00a0\u00a0\u00a0\u00a0\u00a0\u00a0\u00a0\u00a0 Cybermobbing beginnt im Durchschnitt im Alter von 10\/11 Jahren und erreicht seinen H\u00f6hepunkt mit etwa 15 Jahren. Somit beginnt es in dem Alter, in dem die meisten Kinder ihr erstes Smartphone bekommen und somit Opfer als auch T\u00e4ter werden k\u00f6nnen.\u00a0\u00a0\u00a0\u00a0\u00a0\u00a0\u00a0\u00a0\u00a0\u00a0\u00a0\u00a0\u00a0\u00a0\u00a0\u00a0\u00a0\u00a0\u00a0\u00a0\u00a0\u00a0\u00a0\u00a0\u00a0\u00a0\u00a0\u00a0\u00a0\u00a0\u00a0\u00a0\u00a0\u00a0\u00a0\u00a0\u00a0\u00a0\u00a0\u00a0\u00a0\u00a0\u00a0\u00a0\u00a0\u00a0\u00a0\u00a0\u00a0\u00a0\u00a0\u00a0\u00a0\u00a0\u00a0\u00a0\u00a0\u00a0\u00a0\u00a0\u00a0\u00a0\u00a0\u00a0\u00a0\u00a0\u00a0\u00a0\u00a0\u00a0\u00a0\u00a0\u00a0\u00a0\u00a0\u00a0\u00a0\u00a0\u00a0\u00a0\u00a0\u00a0\u00a0\u00a0\u00a0\u00a0\u00a0\u00a0\u00a0\u00a0\u00a0\u00a0\u00a0\u00a0\u00a0\u00a0\u00a0\u00a0\u00a0\u00a0\u00a0\u00a0\u00a0\u00a0\u00a0\u00a0\u00a0\u00a0\u00a0\u00a0\u00a0\u00a0\u00a0\u00a0\u00a0\u00a0\u00a0\u00a0\u00a0\u00a0\u00a0\u00a0\u00a0\u00a0\u00a0\u00a0\u00a0\u00a0\u00a0\u00a0\u00a0\u00a0\u00a0\u00a0\u00a0\u00a0\u00a0\u00a0\u00a0\u00a0\u00a0\u00a0\u00a0\u00a0\u00a0\u00a0\u00a0\u00a0\u00a0\u00a0\u00a0 Und dazu kommt auch noch, dass Kinder im Alter von 10 Jahren nur schwer die Folgen und Konsequenzen ihres Handelns einsch\u00e4tzen k\u00f6nnen, somit kann aus einem kleinen \u201eSpa\u00df\u201c pl\u00f6tzlich purer Ernst werden.\u00a0\u00a0\u00a0\u00a0\u00a0\u00a0\u00a0\u00a0\u00a0\u00a0\u00a0\u00a0\u00a0\u00a0\u00a0\u00a0\u00a0\u00a0\u00a0\u00a0\u00a0\u00a0\u00a0\u00a0\u00a0\u00a0\u00a0\u00a0\u00a0\u00a0\u00a0\u00a0\u00a0\u00a0\u00a0 Daher bin ich der Meinung, dass man als Eltern die Pflicht hat seine Kinder einerseits \u00fcber die Vorteile des Internets, als auch \u00fcber die Nachteile aufzukl\u00e4ren. Daher rate ich Eltern dazu, ihren Kindern klare Regeln f\u00fcr den Umgang mit sozialen Medien und allgemein dem Internet aufzustellen. Es sollte dabei gekl\u00e4rt werden, welche Internetseiten besucht werden d\u00fcrfen und nat\u00fcrlich auch welche Apps heruntergeladen und genutzt werden d\u00fcrfen.<\/p>\n<p>Und insbesondere sollten die grundlegenden Regeln des Internets betont werden:\u00a0\u00a0\u00a0\u00a0\u00a0\u00a0\u00a0\u00a0\u00a0\u00a0\u00a0\u00a0\u00a0\u00a0\u00a0\u00a0\u00a0\u00a0\u00a0\u00a0\u00a0\u00a0\u00a0\u00a0\u00a0\u00a0\u00a0\u00a0\u00a0\u00a0\u00a0\u00a0\u00a0\u00a0\u00a0\u00a0\u00a0\u00a0\u00a0\u00a0\u00a0\u00a0\u00a0\u00a0\u00a0\u00a0\u00a0\u00a0\u00a0\u00a0\u00a0\u00a0\u00a0\u00a0\u00a0\u00a0\u00a0 &gt; Ich geben keine Informationen \u00fcber mich, meine Familie und meine Freunde preis (Name, \u00a0Wohnort, Geburtsdatum, Name der Schule, Emailadresse, Wohnadresse, Telefonnummer oder Handynummer).\u00a0\u00a0\u00a0\u00a0\u00a0\u00a0\u00a0\u00a0\u00a0\u00a0\u00a0\u00a0\u00a0\u00a0\u00a0\u00a0\u00a0\u00a0\u00a0\u00a0\u00a0\u00a0\u00a0\u00a0\u00a0\u00a0\u00a0\u00a0\u00a0\u00a0\u00a0\u00a0\u00a0\u00a0\u00a0\u00a0\u00a0\u00a0\u00a0\u00a0\u00a0\u00a0\u00a0\u00a0\u00a0\u00a0\u00a0\u00a0\u00a0\u00a0\u00a0\u00a0\u00a0 &gt; Ich geben keine Fotos von mir selbst oder Freunden und Familie weiter.\u00a0\u00a0\u00a0\u00a0\u00a0\u00a0\u00a0\u00a0\u00a0\u00a0\u00a0\u00a0\u00a0\u00a0\u00a0\u00a0\u00a0\u00a0\u00a0\u00a0\u00a0\u00a0\u00a0\u00a0\u00a0\u00a0\u00a0\u00a0\u00a0\u00a0\u00a0\u00a0\u00a0\u00a0\u00a0\u00a0\u00a0\u00a0\u00a0\u00a0\u00a0\u00a0\u00a0\u00a0\u00a0\u00a0\u00a0\u00a0\u00a0\u00a0\u00a0\u00a0\u00a0\u00a0\u00a0\u00a0\u00a0\u00a0\u00a0\u00a0\u00a0\u00a0\u00a0\u00a0\u00a0\u00a0\u00a0\u00a0\u00a0\u00a0\u00a0\u00a0 &gt; Ich verabrede mich nicht mit Leuten, die ich nur aus dem Internet kenne.<\/p>\n<p>Nat\u00fcrlich gibt es noch viel mehr grundlegende Regeln im Umgang mit dem Internet, jedoch m\u00f6chte ich darauf nicht weiter eingehen. Hilfreich kann diese Internetseite sein:\u00a0\u00a0\u00a0\u00a0\u00a0\u00a0\u00a0\u00a0\u00a0\u00a0\u00a0\u00a0\u00a0\u00a0\u00a0\u00a0\u00a0\u00a0\u00a0\u00a0\u00a0\u00a0\u00a0\u00a0\u00a0\u00a0\u00a0\u00a0\u00a0\u00a0\u00a0\u00a0\u00a0\u00a0\u00a0\u00a0\u00a0\u00a0\u00a0\u00a0\u00a0\u00a0\u00a0\u00a0\u00a0\u00a0\u00a0\u00a0\u00a0\u00a0\u00a0\u00a0\u00a0\u00a0\u00a0\u00a0\u00a0\u00a0\u00a0\u00a0\u00a0\u00a0\u00a0\u00a0\u00a0\u00a0 <a href=\"http:\/\/www.labbe.de\/mellvil\/index_vs.asp?themaid=30&amp;titelid=335\">http:\/\/www.labbe.de\/mellvil\/index_vs.asp?themaid=30&amp;titelid=335<\/a><\/p>\n<p>Da viele Kinder heutzutage mehr als die H\u00e4lfte ihrer Zeit in der Schule verbringen und die Schule somit eine wichtige Rolle bei der Erziehung spielt, bin ich der Meinung, dass auch die Schulen eine sehr gro\u00dfe Verantwortung beim Umgang mit dem Internet tragen. Daher ist es sehr ratsam die Sch\u00fclerinnen und Sch\u00fcler entweder in einer Unterrichtseinheit aufzukl\u00e4ren oder mit einem Experten ein Seminar zur Sensibilisierung bei Cybermobbing zu veranstalten; ein gr\u00f6\u00dferer Effekt kann erzielt werden, wenn auch den Eltern der Sch\u00fcler und Sch\u00fclerinnen die M\u00f6glichkeit haben an diesem Seminar teilzunehmen.\u00a0\u00a0\u00a0\u00a0\u00a0\u00a0\u00a0\u00a0\u00a0\u00a0\u00a0\u00a0\u00a0\u00a0\u00a0\u00a0\u00a0\u00a0\u00a0\u00a0\u00a0\u00a0\u00a0\u00a0\u00a0\u00a0\u00a0\u00a0\u00a0\u00a0\u00a0\u00a0\u00a0\u00a0\u00a0\u00a0\u00a0\u00a0\u00a0\u00a0\u00a0\u00a0\u00a0\u00a0\u00a0\u00a0\u00a0\u00a0\u00a0\u00a0\u00a0\u00a0\u00a0\u00a0\u00a0\u00a0\u00a0\u00a0\u00a0\u00a0\u00a0\u00a0\u00a0\u00a0\u00a0\u00a0\u00a0\u00a0\u00a0\u00a0\u00a0\u00a0\u00a0\u00a0\u00a0\u00a0\u00a0\u00a0\u00a0\u00a0\u00a0\u00a0\u00a0\u00a0\u00a0\u00a0\u00a0\u00a0\u00a0\u00a0\u00a0\u00a0\u00a0\u00a0\u00a0\u00a0\u00a0\u00a0\u00a0\u00a0\u00a0\u00a0\u00a0 Bei der Veranstaltung soll den Kindern die M\u00f6glichkeit gegeben werden Frage zu stellen, sei es nun in der Gruppe oder alleine; das ist jedem Kind selbst \u00fcberlassen. Es ist sehr wichtig das Vertrauen der Kinder zu erlangen, denn nur so wird man auf wom\u00f6glich derzeitige Mobbingattacken aufmerksam und kann dagegen ansteuern.\u00a0\u00a0\u00a0\u00a0\u00a0\u00a0\u00a0\u00a0\u00a0\u00a0\u00a0\u00a0\u00a0\u00a0\u00a0\u00a0\u00a0\u00a0\u00a0\u00a0\u00a0\u00a0\u00a0\u00a0\u00a0\u00a0\u00a0\u00a0\u00a0\u00a0\u00a0\u00a0\u00a0\u00a0\u00a0\u00a0\u00a0\u00a0\u00a0\u00a0 Viele Kinder sind einfach noch viel zu unreif, um verstehen zu k\u00f6nnen, was gut und was b\u00f6se ist im Internet\u00a0 und gleichzeitig sind die meisten Eltern mit der Situation \u00fcberfordert.\u00a0\u00a0\u00a0\u00a0\u00a0\u00a0\u00a0\u00a0\u00a0\u00a0\u00a0\u00a0\u00a0\u00a0\u00a0\u00a0\u00a0\u00a0\u00a0\u00a0\u00a0\u00a0\u00a0\u00a0\u00a0\u00a0\u00a0\u00a0\u00a0\u00a0\u00a0\u00a0\u00a0\u00a0\u00a0\u00a0\u00a0\u00a0\u00a0\u00a0\u00a0\u00a0\u00a0\u00a0\u00a0\u00a0\u00a0\u00a0\u00a0\u00a0\u00a0\u00a0\u00a0\u00a0\u00a0\u00a0\u00a0\u00a0\u00a0\u00a0\u00a0\u00a0\u00a0\u00a0\u00a0\u00a0\u00a0\u00a0\u00a0\u00a0\u00a0\u00a0\u00a0\u00a0\u00a0\u00a0\u00a0\u00a0\u00a0\u00a0\u00a0\u00a0 Eltern unterliegen, wie auch ihre Kinder dem Druck der Gesellschaft: man muss immer das neues Smartphone oder die trendigsten Marken-Klamotten haben.<\/p>\n<p>Doch nun m\u00f6chte ich auf die Schuld der Entwickler\/Betreiber der sozialen Netzwerke eingehen. Wie reagieren soziale Netzwerke auf F\u00e4lle von Cybermobbing? 2013 longierte der Facebook-Konzern eine Internetseite zur Bek\u00e4mpfung von Cybermobbing, doch diese Internetseite ist laut Psychologen kaum hilfreich.\u00a0\u00a0\u00a0\u00a0\u00a0\u00a0\u00a0\u00a0\u00a0\u00a0\u00a0\u00a0\u00a0\u00a0\u00a0\u00a0\u00a0\u00a0\u00a0\u00a0\u00a0\u00a0\u00a0\u00a0\u00a0\u00a0\u00a0\u00a0\u00a0\u00a0\u00a0\u00a0\u00a0\u00a0\u00a0\u00a0\u00a0\u00a0\u00a0\u00a0\u00a0\u00a0\u00a0\u00a0\u00a0\u00a0\u00a0\u00a0\u00a0\u00a0\u00a0\u00a0\u00a0\u00a0\u00a0\u00a0\u00a0\u00a0\u00a0\u00a0\u00a0\u00a0\u00a0\u00a0\u00a0\u00a0 Auf der Seite gibt es verschiedene Unterkategorie f\u00fcr Jugendliche, Eltern oder auch Erzieher und man findet sehr viele psychologische Ratschl\u00e4ge, wie man sich als Opfer verhalten sollte.<br \/>\nEbenso gibt es einige Ratschl\u00e4ge f\u00fcr Leute, die des Mobbings beschuldigt werden, wie sie sich beispielsweise entschuldigen k\u00f6nnen etc\u2026\u00a0\u00a0\u00a0\u00a0\u00a0\u00a0\u00a0\u00a0\u00a0\u00a0\u00a0\u00a0\u00a0\u00a0\u00a0\u00a0\u00a0\u00a0\u00a0\u00a0\u00a0\u00a0\u00a0\u00a0\u00a0\u00a0\u00a0\u00a0\u00a0\u00a0\u00a0\u00a0\u00a0\u00a0\u00a0\u00a0\u00a0\u00a0\u00a0\u00a0\u00a0\u00a0\u00a0\u00a0\u00a0\u00a0\u00a0\u00a0\u00a0\u00a0\u00a0\u00a0\u00a0\u00a0\u00a0\u00a0\u00a0\u00a0\u00a0\u00a0\u00a0\u00a0\u00a0\u00a0\u00a0\u00a0\u00a0\u00a0\u00a0\u00a0\u00a0\u00a0\u00a0\u00a0\u00a0\u00a0\u00a0\u00a0\u00a0\u00a0\u00a0\u00a0\u00a0\u00a0\u00a0\u00a0\u00a0\u00a0\u00a0\u00a0\u00a0\u00a0\u00a0\u00a0\u00a0\u00a0\u00a0\u00a0\u00a0\u00a0\u00a0\u00a0\u00a0\u00a0\u00a0\u00a0\u00a0\u00a0\u00a0\u00a0\u00a0\u00a0\u00a0\u00a0\u00a0\u00a0\u00a0\u00a0\u00a0\u00a0\u00a0\u00a0\u00a0\u00a0\u00a0\u00a0\u00a0\u00a0\u00a0\u00a0\u00a0\u00a0\u00a0\u00a0\u00a0\u00a0\u00a0\u00a0\u00a0\u00a0\u00a0\u00a0\u00a0 Jedoch werden diese Ratschl\u00e4ge von vielen Psychologen als naiv eingestuft, da eine Entschuldigung Probleme, die durch Mobbing entstanden sind, (oftmals) nicht \u00e4ndern kann.\u00a0\u00a0\u00a0\u00a0\u00a0\u00a0\u00a0\u00a0\u00a0\u00a0\u00a0\u00a0\u00a0\u00a0\u00a0\u00a0\u00a0\u00a0\u00a0\u00a0\u00a0\u00a0\u00a0\u00a0\u00a0\u00a0\u00a0\u00a0\u00a0\u00a0\u00a0\u00a0\u00a0\u00a0\u00a0\u00a0\u00a0\u00a0\u00a0\u00a0\u00a0\u00a0\u00a0\u00a0\u00a0\u00a0\u00a0\u00a0\u00a0\u00a0\u00a0\u00a0\u00a0\u00a0\u00a0\u00a0\u00a0\u00a0\u00a0\u00a0\u00a0\u00a0\u00a0\u00a0\u00a0\u00a0\u00a0\u00a0\u00a0\u00a0\u00a0\u00a0\u00a0\u00a0\u00a0\u00a0\u00a0\u00a0\u00a0\u00a0\u00a0\u00a0\u00a0\u00a0\u00a0\u00a0\u00a0\u00a0\u00a0\u00a0 Daher wird vielen sozialen Netzwerken vorgeworfen, dass es ihnen am Willen fehlt die Probleme effektiv anzugehen.\u00a0\u00a0 In vielen L\u00e4ndern liegt das Mindestalter zu Nutzung von sozialen Plattformen bei 14 Jahren, jedoch ist ein Gro\u00dfteil der Kinder bereits mit 11 Jahren bei Facebook &amp; Co angemeldet. Aus diesem Grund wurde Facebook vor einiger Zeit dazu aufgefordert das Alter seiner Nutzer mit Hilfe des Personalausweises zu kontrollieren, doch Facebook weigerte sich dagegen diesen Vorschlag umzusetzen, da man daf\u00fcr ein sehr komplexes Programm ben\u00f6tigen w\u00fcrde.\u00a0\u00a0\u00a0\u00a0\u00a0\u00a0\u00a0\u00a0\u00a0\u00a0\u00a0\u00a0\u00a0\u00a0\u00a0\u00a0\u00a0\u00a0\u00a0\u00a0\u00a0\u00a0\u00a0\u00a0\u00a0\u00a0 F\u00fcr mich stellt sich nun die Frage, ob Facebook das Problem \u201eCybermobbing\u201c als weniger schlimm, als es doch tats\u00e4chlich ist, einstuft oder ob der Betreiber die Gefahr seiner Plattform nicht wahrnehmen m\u00f6chte und es somit auch nicht f\u00fcr n\u00f6tig ansieht gegen Cybermobbing vorzugehen\u2026 eine Antwort auf die Frage kann wohl nur Facebook alleine geben.<\/p>\n<p>Doch zum Gl\u00fcck bieten die meisten Plattformen eine kleine Hilfe gegen Mobbing oder allgemein unerw\u00fcnschte Inhalte, denn es ist jedem Nutzer m\u00f6glich andere Nutzer zu \u201eblockieren\u201c.\u00a0\u00a0\u00a0\u00a0\u00a0\u00a0\u00a0\u00a0\u00a0\u00a0\u00a0\u00a0\u00a0\u00a0\u00a0\u00a0\u00a0\u00a0\u00a0\u00a0\u00a0\u00a0\u00a0\u00a0\u00a0\u00a0\u00a0\u00a0\u00a0\u00a0\u00a0\u00a0\u00a0\u00a0\u00a0\u00a0\u00a0\u00a0\u00a0\u00a0\u00a0\u00a0\u00a0\u00a0\u00a0\u00a0\u00a0\u00a0\u00a0\u00a0\u00a0\u00a0\u00a0\u00a0\u00a0\u00a0\u00a0\u00a0\u00a0\u00a0\u00a0\u00a0\u00a0\u00a0\u00a0\u00a0\u00a0\u00a0\u00a0\u00a0\u00a0\u00a0\u00a0\u00a0\u00a0\u00a0\u00a0\u00a0\u00a0\u00a0\u00a0\u00a0\u00a0\u00a0\u00a0 Im Folgenden werde ich auf die verschiedenen M\u00f6glichkeiten der sozialen Plattformen Whatsapp, Snapchat, Instagram und Facebook eingehen.\u00a0\u00a0\u00a0\u00a0\u00a0\u00a0\u00a0\u00a0\u00a0\u00a0\u00a0\u00a0\u00a0\u00a0\u00a0\u00a0\u00a0\u00a0\u00a0\u00a0\u00a0\u00a0\u00a0\u00a0\u00a0\u00a0\u00a0\u00a0\u00a0\u00a0\u00a0\u00a0\u00a0\u00a0\u00a0\u00a0\u00a0\u00a0\u00a0\u00a0\u00a0\u00a0\u00a0\u00a0\u00a0\u00a0\u00a0\u00a0\u00a0\u00a0\u00a0\u00a0\u00a0\u00a0\u00a0\u00a0\u00a0\u00a0\u00a0\u00a0\u00a0\u00a0\u00a0\u00a0\u00a0\u00a0\u00a0\u00a0\u00a0\u00a0\u00a0\u00a0\u00a0\u00a0\u00a0\u00a0\u00a0\u00a0\u00a0\u00a0\u00a0\u00a0\u00a0\u00a0\u00a0\u00a0\u00a0\u00a0\u00a0\u00a0\u00a0\u00a0\u00a0\u00a0\u00a0\u00a0\u00a0\u00a0\u00a0\u00a0\u00a0\u00a0\u00a0\u00a0\u00a0\u00a0\u00a0\u00a0\u00a0\u00a0\u00a0\u00a0\u00a0\u00a0\u00a0\u00a0\u00a0\u00a0\u00a0\u00a0\u00a0\u00a0\u00a0\u00a0\u00a0\u00a0\u00a0\u00a0\u00a0\u00a0\u00a0\u00a0\u00a0\u00a0\u00a0\u00a0\u00a0\u00a0\u00a0\u00a0\u00a0\u00a0\u00a0\u00a0\u00a0\u00a0\u00a0 Beim kostenlosen Messenger Whatsapp wird nach keinem Grund f\u00fcr die \u201eBlockierung\u201c eines Kontaktes gefragt. Wenn man einen Kontakt auf Whatsapp blockiert hat, ist es dieser Person nicht mehr m\u00f6glich dir Nachrichten zu schreiben und dein Profilbild, Status oder deine \u201eWhatsapp-Story\u201c zu sehen.\u00a0\u00a0\u00a0\u00a0\u00a0\u00a0\u00a0\u00a0\u00a0\u00a0\u00a0\u00a0\u00a0\u00a0\u00a0\u00a0\u00a0\u00a0\u00a0\u00a0\u00a0\u00a0\u00a0\u00a0\u00a0\u00a0\u00a0\u00a0\u00a0\u00a0\u00a0\u00a0\u00a0\u00a0\u00a0\u00a0\u00a0\u00a0\u00a0\u00a0\u00a0\u00a0\u00a0\u00a0\u00a0\u00a0\u00a0\u00a0\u00a0\u00a0\u00a0\u00a0\u00a0\u00a0\u00a0\u00a0\u00a0\u00a0\u00a0\u00a0\u00a0\u00a0\u00a0\u00a0\u00a0\u00a0\u00a0\u00a0\u00a0\u00a0\u00a0\u00a0\u00a0\u00a0\u00a0\u00a0\u00a0\u00a0\u00a0\u00a0\u00a0\u00a0\u00a0 Bei Snapchat hingegen ist es dem Nutzer m\u00f6glich einen Grund f\u00fcr seine Entscheidung anzugeben, dabei kann er zwischen f\u00fcnf vorgegebenen Gr\u00fcnden w\u00e4hlen: unangemessene Snaps, bel\u00e4stigt mich, nervig, Ich kenne diesen Snapchatter nicht. , und Sonstiges. Durch die Blockierung eines \u201eSnapchatters\u201c ist diese Person nicht mehr in der Lage dir Snaps zu schicken, dir zu schreiben oder gar deine \u201eSnapchat-Story\u201c anzusehen.\u00a0\u00a0\u00a0\u00a0\u00a0\u00a0\u00a0\u00a0\u00a0\u00a0\u00a0\u00a0\u00a0\u00a0\u00a0\u00a0\u00a0\u00a0\u00a0\u00a0\u00a0\u00a0\u00a0\u00a0\u00a0\u00a0\u00a0\u00a0\u00a0\u00a0\u00a0\u00a0\u00a0\u00a0\u00a0\u00a0\u00a0\u00a0\u00a0\u00a0\u00a0\u00a0\u00a0\u00a0\u00a0\u00a0\u00a0\u00a0\u00a0\u00a0\u00a0 Gleichzeitig hast du nicht mehr die M\u00f6glichkeit dieser Person Bilder und Textnachrichten zu schicken oder seine\/ihre &#8222;Snapchat-Story&#8220; anzuschauen.\u00a0\u00a0\u00a0\u00a0\u00a0\u00a0\u00a0\u00a0\u00a0\u00a0\u00a0\u00a0\u00a0\u00a0\u00a0\u00a0\u00a0\u00a0\u00a0\u00a0\u00a0\u00a0\u00a0\u00a0\u00a0\u00a0\u00a0\u00a0\u00a0\u00a0\u00a0\u00a0\u00a0\u00a0\u00a0\u00a0\u00a0\u00a0\u00a0\u00a0\u00a0\u00a0\u00a0\u00a0\u00a0\u00a0\u00a0\u00a0\u00a0\u00a0\u00a0\u00a0\u00a0\u00a0\u00a0\u00a0\u00a0\u00a0\u00a0\u00a0\u00a0\u00a0\u00a0\u00a0\u00a0\u00a0\u00a0\u00a0\u00a0\u00a0\u00a0\u00a0\u00a0\u00a0\u00a0\u00a0\u00a0\u00a0\u00a0\u00a0\u00a0\u00a0\u00a0\u00a0\u00a0\u00a0\u00a0\u00a0\u00a0\u00a0\u00a0\u00a0\u00a0\u00a0\u00a0\u00a0\u00a0\u00a0\u00a0\u00a0\u00a0\u00a0\u00a0\u00a0\u00a0\u00a0\u00a0\u00a0\u00a0\u00a0\u00a0\u00a0\u00a0\u00a0\u00a0\u00a0\u00a0\u00a0\u00a0\u00a0\u00a0\u00a0\u00a0\u00a0\u00a0\u00a0\u00a0\u00a0\u00a0\u00a0\u00a0\u00a0\u00a0\u00a0\u00a0\u00a0\u00a0\u00a0\u00a0 Auf der sozialen Plattform Instagram hingegen hat man die Wahl zwischen \u201eBlockieren\u201c und \u201eMelden\u201c. Wenn man einen Nutzer blockiert, hat dieser nicht mehr die M\u00f6glichkeit deine Bilder zu liken, zu sehen oder gar zu kommentieren, ebenso ist er\/sie nicht mehr in der Lage dir Nachrichten oder Bilder zu schicken.\u00a0\u00a0\u00a0\u00a0\u00a0\u00a0\u00a0\u00a0\u00a0\u00a0\u00a0\u00a0\u00a0\u00a0\u00a0\u00a0\u00a0\u00a0\u00a0\u00a0\u00a0\u00a0\u00a0\u00a0\u00a0\u00a0\u00a0\u00a0\u00a0\u00a0\u00a0\u00a0\u00a0\u00a0\u00a0\u00a0\u00a0\u00a0\u00a0\u00a0\u00a0\u00a0\u00a0\u00a0\u00a0\u00a0\u00a0\u00a0\u00a0\u00a0\u00a0\u00a0\u00a0\u00a0\u00a0\u00a0\u00a0\u00a0\u00a0\u00a0 Entscheidet man sich jedoch f\u00fcr die Funktion \u201eMelden\u201c, bekommt man die Gelegenheit einen Grund f\u00fcr seine Entscheidung anzugeben. Daraufhin kann man sich zwischen verschiedenen Antwortm\u00f6glichkeiten auf ausgew\u00e4hlte Fragen von Instagram entscheiden und am Ende landet man auf einer Seite von Instagram, die dem Nutzer verschiedene L\u00f6sungsm\u00f6glichkeit f\u00fcr Probleme auf Instagram offenlegt. Jedoch ist meiner Meinung nach dieser \u201eInstagram-Hilfsbereich\u201c, wie Instagram ihn nennt, nicht besonders hilfreich, da nur sehr allgemeine L\u00f6sungsvorschl\u00e4ge aufgelistet sind.\u00a0Ich w\u00fcrde mir f\u00fcr die Zukunft w\u00fcnschen, dass Instagram die Anliegen der Nutzer st\u00e4rker analysiert und kontrolliert, ob die vorgeworfenen Vergehen nun vorliegen oder nicht.\u00a0\u00a0\u00a0\u00a0\u00a0\u00a0\u00a0\u00a0\u00a0\u00a0\u00a0\u00a0\u00a0\u00a0\u00a0\u00a0\u00a0\u00a0\u00a0\u00a0\u00a0\u00a0\u00a0\u00a0\u00a0\u00a0\u00a0\u00a0\u00a0\u00a0\u00a0\u00a0\u00a0\u00a0\u00a0\u00a0\u00a0\u00a0\u00a0\u00a0\u00a0\u00a0\u00a0\u00a0\u00a0\u00a0\u00a0\u00a0\u00a0\u00a0\u00a0\u00a0\u00a0\u00a0\u00a0\u00a0\u00a0\u00a0\u00a0\u00a0\u00a0\u00a0\u00a0\u00a0\u00a0\u00a0\u00a0\u00a0\u00a0\u00a0\u00a0\u00a0\u00a0\u00a0\u00a0\u00a0\u00a0\u00a0\u00a0 Auf Facebook gibt es ebenfalls, wie auf den anderen drei genannten sozialen Netzwerken, die M\u00f6glichkeit einen Nutzer zu blockieren. Da ich mich selbst aber kaum mit Facebook auskenne, habe ich f\u00fcr meine Fragen das Internet genutzt und bin dabei auf eine tolle Seite von Facebook selbst gesto\u00dfen, die sehr gut erkl\u00e4rt, was es mit der \u201eBlockier-Funktion\u201c auf sich hat. Um es zusammen zu fassen: wenn du eine Person auf Facebook blockierst, ist es dieser Person nicht mehr m\u00f6glich die Inhalte deines Profils zu sehen, dich in Beitr\u00e4gen, Kommentaren oder Fotos zu markieren, dich zu Veranstaltungen oder Gruppen einzuladen, eine Unterhaltung mit dir zu beginnen oder dich als Freund hinzuzuf\u00fcgen.<\/p>\n<p>Am Ende meines Beitrags werde ich euch alle relevanten Internetseiten verlinken, die ich f\u00fcr meine Recherche genutzt habe.\u00a0\u00a0\u00a0\u00a0\u00a0\u00a0\u00a0\u00a0\u00a0\u00a0\u00a0\u00a0\u00a0\u00a0\u00a0\u00a0\u00a0\u00a0\u00a0\u00a0\u00a0\u00a0\u00a0\u00a0\u00a0\u00a0\u00a0\u00a0\u00a0\u00a0\u00a0\u00a0\u00a0\u00a0\u00a0\u00a0\u00a0\u00a0\u00a0\u00a0\u00a0\u00a0\u00a0\u00a0\u00a0\u00a0\u00a0\u00a0\u00a0\u00a0\u00a0\u00a0\u00a0\u00a0\u00a0\u00a0\u00a0\u00a0\u00a0\u00a0\u00a0\u00a0\u00a0\u00a0\u00a0\u00a0\u00a0\u00a0\u00a0\u00a0\u00a0\u00a0\u00a0\u00a0\u00a0\u00a0\u00a0\u00a0\u00a0\u00a0\u00a0\u00a0\u00a0\u00a0\u00a0\u00a0\u00a0\u00a0\u00a0\u00a0\u00a0\u00a0\u00a0\u00a0\u00a0\u00a0\u00a0\u00a0\u00a0\u00a0\u00a0\u00a0\u00a0\u00a0\u00a0\u00a0\u00a0\u00a0\u00a0\u00a0\u00a0\u00a0\u00a0\u00a0\u00a0\u00a0\u00a0\u00a0\u00a0\u00a0\u00a0\u00a0\u00a0\u00a0\u00a0\u00a0\u00a0\u00a0\u00a0\u00a0\u00a0\u00a0\u00a0\u00a0\u00a0\u00a0\u00a0\u00a0\u00a0\u00a0\u00a0\u00a0\u00a0\u00a0\u00a0\u00a0\u00a0\u00a0\u00a0\u00a0\u00a0\u00a0\u00a0\u00a0\u00a0\u00a0\u00a0\u00a0\u00a0\u00a0\u00a0\u00a0\u00a0\u00a0\u00a0\u00a0\u00a0\u00a0\u00a0\u00a0\u00a0\u00a0\u00a0\u00a0\u00a0\u00a0\u00a0\u00a0 Um es allgemein zusammenzufassen, liegt die Schuld des Cybermobbings weder alleine bei den Herstellern der modernen Techniken, noch bei den sozialen Netzwerken oder bei den Eltern und Schulen. Es kommt meiner Meinung nach auf das Zusammenspiel der Akteure an und den damit verbundenen Vergehen.\u00a0\u00a0\u00a0\u00a0\u00a0\u00a0\u00a0\u00a0\u00a0\u00a0\u00a0\u00a0\u00a0\u00a0\u00a0\u00a0\u00a0\u00a0\u00a0\u00a0\u00a0\u00a0\u00a0\u00a0\u00a0\u00a0\u00a0\u00a0\u00a0\u00a0\u00a0\u00a0\u00a0\u00a0\u00a0\u00a0\u00a0\u00a0\u00a0\u00a0\u00a0\u00a0\u00a0\u00a0\u00a0\u00a0\u00a0\u00a0\u00a0\u00a0\u00a0\u00a0\u00a0\u00a0 Jedoch w\u00fcrde ich mich selbst sehr dar\u00fcber freuen, wenn das Problem \u201eCybermobbing\u201c st\u00e4rker durch Medien und z.B. Seminaren in den Vordergrund ger\u00fcckt werden w\u00fcrde, somit werden die sozialen Netzwerke zu einem Wandel \u201egezwungen\u201c beziehungsweise gedr\u00e4ngt.<\/p>\n<p>Ich selbst hoffe sehr, dass meine Kinder sp\u00e4ter einmal sicher und ohne Angst im Internet surfen k\u00f6nnen. Was meint ihr? Ist das eine Traumvorstellung von mir, oder m\u00f6glicherweise unsere Zukunft? Habt ihr schon Erfahrung mit Cybermobbing gemacht?<\/p>\n<p><u><strong>Quellen:<\/strong> <\/u><\/p>\n<p>&#8211; <a href=\"https:\/\/de.wikipedia.org\/wiki\/Mobbing\">https:\/\/de.wikipedia.org\/wiki\/Mobbing<\/a><\/p>\n<p>&#8211; <a href=\"https:\/\/mobilsicher.de\/hintergrund\/cybermobbing-zahlen-und-fakten\">https:\/\/mobilsicher.de\/hintergrund\/cybermobbing-zahlen-und-fakten<\/a><\/p>\n<p>&#8211; <a href=\"http:\/\/www.labbe.de\/mellvil\/index_vs.asp?themaid=30&amp;titelid=335\">http:\/\/www.labbe.de\/mellvil\/index_vs.asp?themaid=30&amp;titelid=335<\/a><\/p>\n<p>&#8211; <a href=\"https:\/\/www.arte.tv\/de\/videos\/077904-002-A\/wer-ist-schuld-am-cyber-mobbing-vox-pop\/\">https:\/\/www.arte.tv\/de\/videos\/077904-002-A\/wer-ist-schuld-am-cyber-mobbing-vox-pop\/<\/a><\/p>\n<p>&#8211; <a href=\"https:\/\/www.billiger-telefonieren.de\/thema\/cybermobbing\/\">https:\/\/www.billiger-telefonieren.de\/thema\/cybermobbing\/<\/a><\/p>\n<p>&#8211; <a href=\"https:\/\/de-de.facebook.com\/help\/290450221052800\/\">https:\/\/de-de.facebook.com\/help\/290450221052800\/<\/a><\/p>\n<p>&nbsp;<\/p>\n<p>&nbsp;<\/p>\n<p>&nbsp;<\/p>\n<p>&nbsp;<\/p>\n","protected":false},"excerpt":{"rendered":"<p>Mobbing, ein Wort das heute fast allt\u00e4glich verwendet wird und dabei viel zu oft falsch.\u00a0\u00a0\u00a0\u00a0\u00a0\u00a0\u00a0\u00a0\u00a0\u00a0\u00a0\u00a0\u00a0\u00a0\u00a0\u00a0\u00a0\u00a0\u00a0\u00a0\u00a0\u00a0\u00a0\u00a0\u00a0\u00a0\u00a0\u00a0\u00a0\u00a0\u00a0\u00a0\u00a0\u00a0\u00a0\u00a0\u00a0\u00a0\u00a0\u00a0\u00a0\u00a0\u00a0\u00a0\u00a0\u00a0\u00a0\u00a0 Zu Beginn stellt sich also die Frage, was ist Mobbing?\u00a0Eine allgemeine Definition gibt es nicht, jedoch beschreibt Mobbing \u201ePsychoterror am Arbeitsplatz mit dem Ziel den Betroffenen aus dem Betrieb herauszuekeln\u201c.\u00a0\u00a0\u00a0\u00a0\u00a0\u00a0\u00a0\u00a0\u00a0\u00a0\u00a0\u00a0\u00a0\u00a0\u00a0\u00a0\u00a0\u00a0\u00a0\u00a0\u00a0\u00a0 Jedoch gibt es Mobbing schon lange nicht mehr nur am [&hellip;]<\/p>\n","protected":false},"author":76,"featured_media":0,"comment_status":"open","ping_status":"open","sticky":false,"template":"","format":"standard","meta":{"footnotes":""},"categories":[8,17],"tags":[],"class_list":["post-4251","post","type-post","status-publish","format-standard","hentry","category-gesellschaft","category-rechtgerechtigkeit","missing-thumbnail"],"_links":{"self":[{"href":"https:\/\/ethikblogs.de\/index.php?rest_route=\/wp\/v2\/posts\/4251","targetHints":{"allow":["GET"]}}],"collection":[{"href":"https:\/\/ethikblogs.de\/index.php?rest_route=\/wp\/v2\/posts"}],"about":[{"href":"https:\/\/ethikblogs.de\/index.php?rest_route=\/wp\/v2\/types\/post"}],"author":[{"embeddable":true,"href":"https:\/\/ethikblogs.de\/index.php?rest_route=\/wp\/v2\/users\/76"}],"replies":[{"embeddable":true,"href":"https:\/\/ethikblogs.de\/index.php?rest_route=%2Fwp%2Fv2%2Fcomments&post=4251"}],"version-history":[{"count":2,"href":"https:\/\/ethikblogs.de\/index.php?rest_route=\/wp\/v2\/posts\/4251\/revisions"}],"predecessor-version":[{"id":4331,"href":"https:\/\/ethikblogs.de\/index.php?rest_route=\/wp\/v2\/posts\/4251\/revisions\/4331"}],"wp:attachment":[{"href":"https:\/\/ethikblogs.de\/index.php?rest_route=%2Fwp%2Fv2%2Fmedia&parent=4251"}],"wp:term":[{"taxonomy":"category","embeddable":true,"href":"https:\/\/ethikblogs.de\/index.php?rest_route=%2Fwp%2Fv2%2Fcategories&post=4251"},{"taxonomy":"post_tag","embeddable":true,"href":"https:\/\/ethikblogs.de\/index.php?rest_route=%2Fwp%2Fv2%2Ftags&post=4251"}],"curies":[{"name":"wp","href":"https:\/\/api.w.org\/{rel}","templated":true}]}}