{"id":444,"date":"2012-06-04T12:01:18","date_gmt":"2012-06-04T10:01:18","guid":{"rendered":"http:\/\/ethik13.wordpress.com\/?p=444"},"modified":"2012-06-04T12:01:18","modified_gmt":"2012-06-04T10:01:18","slug":"das-leben-ist-bunt","status":"publish","type":"post","link":"https:\/\/ethikblogs.de\/?p=444","title":{"rendered":"Das Leben ist bunt."},"content":{"rendered":"<p>Das Leben&#8230;<br \/>\n\u2026 ist bunt. Jeder Tag\/ jede Woche\/ jeder Monat\/ jedes Jahr k\u00f6nnte eine eigene Farbe bekommen. Wie schnell sie doch verblassen. Und wie unterschiedlich sie je nach Blickwinkel, Licht und Perspektive wirken. Vielleicht gibt es doch mehrere Wirklichkeiten und das Gehirn entscheidet sich nahezu automatisch f\u00fcr die \u2013 f\u00fcr uns \u2013 geeignetste?<\/p>\n<p>Das Leben ist ganz sch\u00f6n bunt. Es w\u00e4re doch langweilig, wenn alles grau und tr\u00fcb auss\u00e4he.<br \/>\nDiese bunte Farben, die jeden Tag, jede Woche, jeden Monat und jedes Jahr kennzeichnen, stelle ich mir als die von uns Menschen erlebten Ereignisse vor. So erlebt man in seinem Leben so viel, dass man jedem Ereignis eine Farbe zuschreiben k\u00f6nnte, wenn nicht sogar mehrere Farben. Doch welches Ereignis w\u00fcrde welche Farbe tragen? So denke ich, dass die Farbe rot f\u00fcr die Liebe stehen kann, aber auch f\u00fcr Feuer, f\u00fcr ein Warnsignal, einer Bedrohung. Blau k\u00f6nnte das Wasser darstellen und die Leichtigkeit wie die des Himmels, aber auch ein Kennzeichen der Freundschaft sein. Gr\u00fcn k\u00f6nnte ein Tr\u00e4ger der Hoffnung sein, oder etwas Unendliches darstellen wie das weite gr\u00fcne Land und gelb das Licht und die Sonnenstrahlen oder auch Neid. Aber unsere Ereignisse bestehen nicht nur aus diesen vier Farben, es gibt noch weitaus mehrere Farben, die in vielen Mischungen zusammen undenklich viele Farben darstellen, denn auch unsere Ereignisse lassen sich nicht unter einem Gef\u00fchl oder einem Merkmal zusammenfassen. Bei einem Erlebnis spielen viele Dinge eine Rolle, die diese eine gemischte Farbe in unserem Leben bilden. Unsere Erinnerung jedoch, l\u00e4sst uns diese Ereignisse mit der Zeit vergessen, sodass die Farben verblassen.<br \/>\nAber jede Farbe und somit jedes Ereignis hat oftmals eine andere Bedeutung, sobald man seinen Blickwinkel und seine Perspektive, aber auch das Licht \u00e4ndert. So leuchten sie Farben st\u00e4rker auf, wenn sie beleuchtet sind, wenn die Erinnerungen also immer wieder ins Ged\u00e4chtnis gerufen und somit verfestigt werden. Aber auch einen anderen Blickwinkel lassen Ereignisse und deren Farben anders aufleuchten, dazu ein Beispiel:<br \/>\nEin kleines Kind hat ungeheuerliche Angst vor Katzen. Wenn es schon eine Katze weit in der Ferne entdeckt, bekommt es wahnsinnige Panik und Angstzust\u00e4nde, es f\u00e4ngt an zu schreien und zu weinen. Mit dem Alter wurde die Angst milder, aber verschwunden ist sie nicht, bis sich der junge Erwachsene fragt, warum er eigentlich diese Angst hat. Und so erf\u00e4hrt er von seinen Eltern, dass er als kleines Baby einmal in seiner Wiege lag, und einst eine Katze auf seine Decke gesprungen ist. Diese hatte ihn geweckt und einen gro\u00dfen Schrecken eingejagt. Mit dem schon erwachsenen Denken bemerkte er, dass seine Angst unn\u00f6tig war. Somit f\u00e4rbte sich eine einst r\u00f6tliche-aggressive Farbe, die f\u00fcr die Bedrohung f\u00fcr Katzen stand in eine rote-harmonische Farbe, die nun f\u00fcr die Achtung und Zuneigung zu Katzen stand.<br \/>\nDas hei\u00dft, dass sich auch viele Farben in unserem Leben durch andere Blickwinkel, Perspektiven oder Lichtverh\u00e4ltnisse ver\u00e4ndern lassen, wenn man sie nur mal anders betrachtet.<br \/>\nSomit gibt es auch mehrere Wirklichkeiten, mehrere Wahrheiten, die je nach Betrachtungen unterschiedlich sind. Nicht immer entscheidet sich dabei unser Gehirn f\u00fcr die geeignetste, aber in den meisten F\u00e4llen denke ich schon, dass unser Gehirn schlechte und miserable Ereignisse verdr\u00e4ngt, denn mit grauen und matten Farben w\u00fcrde das Leben lange nicht so viel Lebensfreude beim Menschen erreichen. Zudem muss man auch alte, oftmals schlechte Ereignisse einfach abschlie\u00dfen, um etwas Neues zu beginnen. Man sollte nicht vergessen, dass das was geschehen ist niemand mehr \u00e4ndern kann, dass es zwar zu seiner Vergangenheit geh\u00f6rt, aber nun vielmehr als abgeschlossenes Kapitel in dem Buch seines Lebens geschrieben ist und dann auch wieder ein neues Kapitel beginnt. \u201eDenn aus dem Buch seines Lebens kann man keine Seiten heraus trennen, aber immer wieder ein neues Kapitel beginnen.\u201c (Werner Bethmann)<\/p>\n","protected":false},"excerpt":{"rendered":"<p>Das Leben&#8230; \u2026 ist bunt. Jeder Tag\/ jede Woche\/ jeder Monat\/ jedes Jahr k\u00f6nnte eine eigene Farbe bekommen. Wie schnell sie doch verblassen. Und wie unterschiedlich sie je nach Blickwinkel, Licht und Perspektive wirken. Vielleicht gibt es doch mehrere Wirklichkeiten und das Gehirn entscheidet sich nahezu automatisch f\u00fcr die \u2013 f\u00fcr uns \u2013 geeignetste? Das [&hellip;]<\/p>\n","protected":false},"author":76,"featured_media":0,"comment_status":"open","ping_status":"open","sticky":false,"template":"","format":"standard","meta":{"footnotes":""},"categories":[2],"tags":[],"class_list":["post-444","post","type-post","status-publish","format-standard","hentry","category-allgemein","missing-thumbnail"],"_links":{"self":[{"href":"https:\/\/ethikblogs.de\/index.php?rest_route=\/wp\/v2\/posts\/444","targetHints":{"allow":["GET"]}}],"collection":[{"href":"https:\/\/ethikblogs.de\/index.php?rest_route=\/wp\/v2\/posts"}],"about":[{"href":"https:\/\/ethikblogs.de\/index.php?rest_route=\/wp\/v2\/types\/post"}],"author":[{"embeddable":true,"href":"https:\/\/ethikblogs.de\/index.php?rest_route=\/wp\/v2\/users\/76"}],"replies":[{"embeddable":true,"href":"https:\/\/ethikblogs.de\/index.php?rest_route=%2Fwp%2Fv2%2Fcomments&post=444"}],"version-history":[{"count":0,"href":"https:\/\/ethikblogs.de\/index.php?rest_route=\/wp\/v2\/posts\/444\/revisions"}],"wp:attachment":[{"href":"https:\/\/ethikblogs.de\/index.php?rest_route=%2Fwp%2Fv2%2Fmedia&parent=444"}],"wp:term":[{"taxonomy":"category","embeddable":true,"href":"https:\/\/ethikblogs.de\/index.php?rest_route=%2Fwp%2Fv2%2Fcategories&post=444"},{"taxonomy":"post_tag","embeddable":true,"href":"https:\/\/ethikblogs.de\/index.php?rest_route=%2Fwp%2Fv2%2Ftags&post=444"}],"curies":[{"name":"wp","href":"https:\/\/api.w.org\/{rel}","templated":true}]}}