{"id":4661,"date":"2018-12-27T11:40:44","date_gmt":"2018-12-27T10:40:44","guid":{"rendered":"https:\/\/ethikblogs.de\/?p=4661"},"modified":"2018-12-27T11:40:44","modified_gmt":"2018-12-27T10:40:44","slug":"anregung-zum-philosophieren-weihnachten","status":"publish","type":"post","link":"https:\/\/ethikblogs.de\/?p=4661","title":{"rendered":"Anregung zum Philosophieren: Weihnachten"},"content":{"rendered":"\n<p>Was bedeutet Weihnachten f\u00fcr dich?<\/p>\n\n\n\n<div class=\"wp-block-image\"><figure class=\"alignright is-resized\"><img loading=\"lazy\" decoding=\"async\" sizes=\"auto, (max-width: 533px) 100vw, 533px\" src=\"https:\/\/ethikblogs.de\/wp-content\/uploads\/2018\/12\/DSC_9728-e1545905846464.jpg\" alt=\"\" class=\"wp-image-4662\" width=\"267\" height=\"400\" srcset=\"https:\/\/ethikblogs.de\/wp-content\/uploads\/2018\/12\/DSC_9728-e1545905846464.jpg 533w, https:\/\/ethikblogs.de\/wp-content\/uploads\/2018\/12\/DSC_9728-e1545905846464-200x300.jpg 200w\" \/><figcaption>CC-by-SA 4.0, M. Sch\u00fctze, Dezember 2018<\/figcaption><\/figure><\/div>\n\n\n\n<p>Ein paar Gedanken:<\/p>\n\n\n\n<p>Innerhalb von zwei Wochen sind drei christliche und ein weltlicher Feiertag, im Jahresverlauf ist das Verh\u00e4ltnis \u00e4hnlich. Ist das sinnvoll? Trotz der Trennung von Kirche und Staat gibt es in unserem Land nur christliche Feiertage, z.b. keine muslimischen oder buddhistischen. W\u00e4re es denkbar, dass alle Religionsgemeinschaften eine bestimmte Anzahl freier Tage selbst im Jahr verteilen d\u00fcrfte? Wie k\u00f6nnte man mit den Atheisten verfahren? Was m\u00fcsste sich daf\u00fcr in der Gesellschaft \u00e4ndern? Ist das w\u00fcnschenswert?<\/p>\n\n\n\n<p>&#8222;Es m\u00fcsste der Begriff der GABE weiter bedacht werden. Es m\u00fcsste gefragt werden, ob der Menschen f\u00fcr den anderen wesentlich Gabe ist. Ob die Gaben, die Geschenke, geradezu Weihnachten, Ausdruck dieser wesentlichen Gabe des Daseins sind oder heute noch sein k\u00f6nnen. <strong>Verdeckt der Konsumismus den Charakter der Gabe?<\/strong>&#8220; (zum <a href=\"https:\/\/religionsphilosophischer-salon.de\/1253_weihnachten-und-philosophieren_religion-und-philosophie\">Weiterlesen gern hier entlang<\/a>)<\/p>\n\n\n\n<p>Kann man ethisch schenken? Angefangen bei den Motiven zu schenken, weiter zu den Bedingungen der Herstellung der Dinge, die man verschenkt und zu den Unmengen an Verpackungsmaterial.<\/p>\n","protected":false},"excerpt":{"rendered":"<p>Was bedeutet Weihnachten f\u00fcr dich? Ein paar Gedanken: Innerhalb von zwei Wochen sind drei christliche und ein weltlicher Feiertag, im Jahresverlauf ist das Verh\u00e4ltnis \u00e4hnlich. Ist das sinnvoll? Trotz der Trennung von Kirche und Staat gibt es in unserem Land nur christliche Feiertage, z.b. keine muslimischen oder buddhistischen. W\u00e4re es denkbar, dass alle Religionsgemeinschaften eine [&hellip;]<\/p>\n","protected":false},"author":2,"featured_media":0,"comment_status":"open","ping_status":"open","sticky":false,"template":"","format":"standard","meta":{"footnotes":""},"categories":[15],"tags":[],"class_list":["post-4661","post","type-post","status-publish","format-standard","hentry","category-philosophieren","missing-thumbnail"],"_links":{"self":[{"href":"https:\/\/ethikblogs.de\/index.php?rest_route=\/wp\/v2\/posts\/4661","targetHints":{"allow":["GET"]}}],"collection":[{"href":"https:\/\/ethikblogs.de\/index.php?rest_route=\/wp\/v2\/posts"}],"about":[{"href":"https:\/\/ethikblogs.de\/index.php?rest_route=\/wp\/v2\/types\/post"}],"author":[{"embeddable":true,"href":"https:\/\/ethikblogs.de\/index.php?rest_route=\/wp\/v2\/users\/2"}],"replies":[{"embeddable":true,"href":"https:\/\/ethikblogs.de\/index.php?rest_route=%2Fwp%2Fv2%2Fcomments&post=4661"}],"version-history":[{"count":2,"href":"https:\/\/ethikblogs.de\/index.php?rest_route=\/wp\/v2\/posts\/4661\/revisions"}],"predecessor-version":[{"id":4664,"href":"https:\/\/ethikblogs.de\/index.php?rest_route=\/wp\/v2\/posts\/4661\/revisions\/4664"}],"wp:attachment":[{"href":"https:\/\/ethikblogs.de\/index.php?rest_route=%2Fwp%2Fv2%2Fmedia&parent=4661"}],"wp:term":[{"taxonomy":"category","embeddable":true,"href":"https:\/\/ethikblogs.de\/index.php?rest_route=%2Fwp%2Fv2%2Fcategories&post=4661"},{"taxonomy":"post_tag","embeddable":true,"href":"https:\/\/ethikblogs.de\/index.php?rest_route=%2Fwp%2Fv2%2Ftags&post=4661"}],"curies":[{"name":"wp","href":"https:\/\/api.w.org\/{rel}","templated":true}]}}