{"id":4680,"date":"2018-12-31T12:32:57","date_gmt":"2018-12-31T11:32:57","guid":{"rendered":"https:\/\/ethikblogs.de\/?p=4680"},"modified":"2018-12-31T13:09:27","modified_gmt":"2018-12-31T12:09:27","slug":"kreativitaet-freiheit-und-des-raetsels-loesung","status":"publish","type":"post","link":"https:\/\/ethikblogs.de\/?p=4680","title":{"rendered":"Kreativit\u00e4t, Freiheit und des R\u00e4tsels L\u00f6sung"},"content":{"rendered":"\n<figure class=\"wp-block-image is-resized\"><img loading=\"lazy\" decoding=\"async\" sizes=\"auto, (max-width: 451px) 100vw, 451px\" src=\"https:\/\/ethikblogs.de\/wp-content\/uploads\/2018\/12\/Punkte-1.jpg\" alt=\"\" class=\"wp-image-4687\" width=\"222\" height=\"209\" srcset=\"https:\/\/ethikblogs.de\/wp-content\/uploads\/2018\/12\/Punkte-1.jpg 451w, https:\/\/ethikblogs.de\/wp-content\/uploads\/2018\/12\/Punkte-1-300x282.jpg 300w\" \/><\/figure>\n\n\n\n<p>Versuche mal, die Punkte alle mit einer Linie zu verbinden, aber nur mit vier zusammenh\u00e4ngenden Geraden.<\/p>\n\n\n\n<p>Ich wette mit Dir, dass Du das nicht schaffst, wenn doch, sag mir Bescheid. Was dieses R\u00e4tsel jetzt mit Ethik zu tun hat? Erkl\u00e4re ich Dir gleich. Erst m\u00fcssen wir mal noch das R\u00e4tsel l\u00f6sen. Die L\u00f6sung findet ihr in den Kommentaren.<br><\/p>\n\n\n\n<p>Tja, da w\u00e4rst Du nicht draufgekommen, oder? Ich auch nicht. Und wieso? Weil man dazu nicht nur &#8222;ums Eck&#8220; denken muss, sondern \u00fcber das System heraus. Der Mensch ist so darauf fokussiert, die Punkte zu verbinden, dass er gar nicht auf die Idee kommt, mal die Linien l\u00e4nger zu ziehen. Man sieht also &#8222;den Wald vor lauter B\u00e4umen nicht&#8220;. So oder zumindest so \u00e4hnlich ist das ja auch oft im echten Leben. Da stellt sich aber die Frage: Wieso? Wieso sind wir oft von Problemen oder Situationen \u00fcberfordert, obwohl mit ein bisschen, ich nenne es mal Kreativit\u00e4t, die L\u00f6sung ganz einfach erscheint? Wieso fehlt den Menschen manchmal das kleine bisschen Freiheit um das System herum zu denken? <\/p>\n\n\n\n<p>An dieser Stelle m\u00f6chte ich gerne ein kleines Beispiel anf\u00fchren: Jeder kennt die Momente, in denen man von Familie oder Freunden mal wieder aufgezogen oder geneckt wird, man aber einfach gerade total auf dem Schlauch steht und einem keine gewitzte, schlagfertige Antwort einzufallen vermag &#8211; die vielen m\u00f6glichen Antworten fallen einem nat\u00fcrlich erst hinterher ein. <\/p>\n\n\n\n<p>In so einer Situation ist der Mensch unf\u00e4hig, sich von seiner gewohnten, rationalen Denkstruktur, die von uns im t\u00e4glichen Leben, in der Schule oder auf der Arbeit gefordert werden, loszul\u00f6sen und ein wenig &#8222;kreativ&#8220; ums System herum zu denken. So ist das auch in unserem R\u00e4tsel: Man ist zusehr darauf fokussiert, die Punkte m\u00f6glichst innerhalb des &#8222;Rahmens&#8220; zu verbinden, dass man gar nicht auf die Idee kommt, weiter zu gehen  als der letzte Punkt, \u00fcber den Rand hinaus zu gehen. Jetzt kommt vielleicht die Frage auf &#8222;Ja, sch\u00f6n und gut, Theano, aber was ist denn jetzt eigentlich die Kreativit\u00e4t und die Freiheit, von der Du da sprichst?&#8220; <\/p>\n\n\n\n<p>Beginnen wir einmal mit der Kreativit\u00e4t. Meiner Meinung nach kann man jemanden als kreativ bezeichnen, wenn er f\u00e4hig ist, das gewohnte, rationale Denke bewusst zu umgehen, bewusst nach anderen Wegen zu suchen, um ans Ziel zu kommen. Udo J\u00fcrgens hat es einmal (etwas drastischer) so formuliert:<\/p>\n\n\n\n<blockquote class=\"wp-block-quote is-layout-flow wp-block-quote-is-layout-flow\"><p>Vernunft ist der Tod der Kreativit\u00e4t.<\/p><cite>Udo J\u00fcrgens; Quelle: http:\/\/familien-info.blogspot.com\/2015\/01\/udo-juergens-zitate.html<\/cite><\/blockquote>\n\n\n\n<p>Mich selbst w\u00fcrde ich noch nicht als sonderlich kreativ bezeichnen, und auch Menschen, die vielleicht furchtbar toll zeichnen k\u00f6nnen (was nat\u00fcrliche sehr lobenswert ist!) w\u00fcrde ich nach dieser Auffassung nicht als kreativ bezeichnen. Aber ich denke, diese Kreativit\u00e4t, die ich beschrieben habe, kann man gewisserma\u00dfen &#8222;lernen&#8220;, man sich diese Art von Probleml\u00f6sungen nur bewusst machen.<\/p>\n\n\n\n<p>Oben habe ich aber neben der Kreativit\u00e4t auch noch die Freiheit, die mit eng verkn\u00fcpft mit jener erscheint, erw\u00e4hnt. Erich Fromm dr\u00fcckte es einmal so aus: <\/p>\n\n\n\n<blockquote class=\"wp-block-quote is-layout-flow wp-block-quote-is-layout-flow\"><p>Kreativit\u00e4t erfordert den Mut, Sicherheiten loszulassen.<\/p><cite>Erich Fromm; Quelle: https:\/\/gutezitate.com\/zitat\/202705<\/cite><\/blockquote>\n\n\n\n<p>Die &#8222;Sicherheiten loszulassen&#8220;, das setzt doch voraus, mehr Freiheit zu bekommen: In der Diskussion um den Patriot Act in den USA nach 9\/11 und in der Diskussion in Deutschland um die Vorratsdatenspeicherung wurde oft diese einfache Gleichung erw\u00e4hnt: mehr Sicherheit = eingeschr\u00e4nkte Freiheit. Umgedreht ergibt das also mehr Freiheit = wenig Sicherheit.  Um zu gr\u00f6\u00dferer Kreativit\u00e4t zu gelangen, m\u00fcssen wir also die Freiheit haben, unsere gew\u00f6hnlichen Denkmuster zur\u00fcckzulassen und uns auf etwas neues, ungewohntes einlassen. <\/p>\n\n\n\n<p>Zusammenfassend kann man also sagen, dass Wir bei Problemen zu sehr auf die L\u00f6sung fixiert sind, zu uns zu sehr unter den Druck setzten, das Problem zu l\u00f6sen; und dass uns deshalb die Kreativit\u00e4t verwehrt bleibt, die wir mit der Freiheit erlangen k\u00f6nnen, die gewohnten Denkmuster hinter uns zu lassen. Ansonsten rennen wir, \u00e4hnlich wie das Eichh\u00f6rnchen bei Ice Age, ewig der linearen L\u00f6sung des Problems hinterher, ohne \u00fcber einen Umweg, ohne das &#8222;System zu durchbrechen und zu einer einfachen L\u00f6sung zu gelangen.<br> <\/p>\n\n\n\n<p>Ich hoffe, mein Beitrag konnte euch ein neue Erkenntnis liefern \ud83d\ude09<\/p>\n\n\n\n<p>Was denkt ihr zu dem Thema? Ist Kreativit\u00e4t manchmal des R\u00e4tsels L\u00f6sung? Und was bedeutet Kreativit\u00e4t f\u00fcr euch?<\/p>\n","protected":false},"excerpt":{"rendered":"<p>Versuche mal, die Punkte alle mit einer Linie zu verbinden, aber nur mit vier zusammenh\u00e4ngenden Geraden. Ich wette mit Dir, dass Du das nicht schaffst, wenn doch, sag mir Bescheid. Was dieses R\u00e4tsel jetzt mit Ethik zu tun hat? Erkl\u00e4re ich Dir gleich. Erst m\u00fcssen wir mal noch das R\u00e4tsel l\u00f6sen. Die L\u00f6sung findet ihr [&hellip;]<\/p>\n","protected":false},"author":76,"featured_media":0,"comment_status":"open","ping_status":"open","sticky":false,"template":"","format":"standard","meta":{"footnotes":""},"categories":[1],"tags":[],"class_list":["post-4680","post","type-post","status-publish","format-standard","hentry","category-uncategorized","missing-thumbnail"],"_links":{"self":[{"href":"https:\/\/ethikblogs.de\/index.php?rest_route=\/wp\/v2\/posts\/4680","targetHints":{"allow":["GET"]}}],"collection":[{"href":"https:\/\/ethikblogs.de\/index.php?rest_route=\/wp\/v2\/posts"}],"about":[{"href":"https:\/\/ethikblogs.de\/index.php?rest_route=\/wp\/v2\/types\/post"}],"author":[{"embeddable":true,"href":"https:\/\/ethikblogs.de\/index.php?rest_route=\/wp\/v2\/users\/76"}],"replies":[{"embeddable":true,"href":"https:\/\/ethikblogs.de\/index.php?rest_route=%2Fwp%2Fv2%2Fcomments&post=4680"}],"version-history":[{"count":9,"href":"https:\/\/ethikblogs.de\/index.php?rest_route=\/wp\/v2\/posts\/4680\/revisions"}],"predecessor-version":[{"id":4697,"href":"https:\/\/ethikblogs.de\/index.php?rest_route=\/wp\/v2\/posts\/4680\/revisions\/4697"}],"wp:attachment":[{"href":"https:\/\/ethikblogs.de\/index.php?rest_route=%2Fwp%2Fv2%2Fmedia&parent=4680"}],"wp:term":[{"taxonomy":"category","embeddable":true,"href":"https:\/\/ethikblogs.de\/index.php?rest_route=%2Fwp%2Fv2%2Fcategories&post=4680"},{"taxonomy":"post_tag","embeddable":true,"href":"https:\/\/ethikblogs.de\/index.php?rest_route=%2Fwp%2Fv2%2Ftags&post=4680"}],"curies":[{"name":"wp","href":"https:\/\/api.w.org\/{rel}","templated":true}]}}