{"id":5060,"date":"2019-12-30T23:58:21","date_gmt":"2019-12-30T22:58:21","guid":{"rendered":"https:\/\/ethikblogs.de\/?p=5060"},"modified":"2020-01-03T23:06:51","modified_gmt":"2020-01-03T22:06:51","slug":"arendts-banalitaet-des-boesen-und-die-afd","status":"publish","type":"post","link":"https:\/\/ethikblogs.de\/?p=5060","title":{"rendered":"Arendts &#8220;Banalit\u00e4t des B\u00f6sen&#8220; und die AfD"},"content":{"rendered":"\n<p> Seit der Bundestagswahl 2017, und dem damit verbundenem Einzug der AfD in den Bundestag, polarisiert diese, quer durch die gesellschaftlichen Schichten, Massen. Durch die eigens inszenierte &#8220;Opferstellung und -haltung&#8220;, und, durch Spitzenpolitiker, wie Alexander Gauland, hervorgebrachte Aussagen, wie &#8220;Die Zeit des Nationalsozialismus war ein Vogelschiss in der glorreichen Geschichte des 1000-j\u00e4hrigen Reichs&#8220;. Das Ziel, was mit solchen Verbalkatastrophen verfolgt wird ist, dass die AfD den vermeintlichen &#8220;Demokratieverlust&#8220;, seitens der &#8220;etablierten Parteien&#8220; anprangert, und dies mit S\u00e4tzen, wie &#8220;Das darf man doch wohl noch sagen&#8220; krankhaft versucht diese zu legitimieren. Das Erstarken und Polarisieren der rechtspopulistischen Parteien erinnert stark an das Ende der 1920er Jahre sowie die Machtergreifung Hitlers, und den damit verbundenen katastrophalen Folgen- der Genozid an \u00fcber 6 Millionen Juden, Homosexuellen, Sinti und Roma, Behinderten und Regimekritiker. Die T\u00e4ter scheinen im ersten Augenblick wahre Monster zu sein, denn: Wem k\u00f6nnte man solch grauenvolle Verbrechen zutrauen? Der zweite Blick sorgt f\u00fcr erschreckende Ern\u00fcchterung. Es handelt sich, so Arendt, um &#8220;Schreibtischm\u00f6rder&#8220;, sprich: dummes Beamtentum. Arendt beschreibt dies, als Banalit\u00e4t des B\u00f6sen, doch ist dies auf unsere Zeit, und dem damit verbundenen Erstarken von fremdenfeindlichen und rechtpopulistischen Parteien und Bewegungen zutreffend, speziell auf die AfD?<\/p>\n\n\n\n<p> Arendts Theorie beschreibt das Voll\u00fcben von Verbrechen, aufgrund, beispielsweise, eines Befehls h\u00f6herer Instanz, ohne diesen zu hinterfragen und infrage zu stellen: quasi aus reiner Dummheit. Dies steht jedoch auf dem ersten Blick\u00a0 im Widerspruch zu dem, was die AfD von sich gibt. Es handelt sich nicht um einen Befehl von oben, sondern um scheinbar &#8220;Selbstproduziertes&#8220;. Es ist zwar somit kein Befehl, jedoch ist Vorhandenes wieder neu ausgegraben und verwendet worden, und im Bezug auf die Arendt&#8217;sche Theorie, als aus Dummheit und Nichthinterfragen gesagte Phrasen und getane Handlungen, die allerdings von einer l\u00e4ngst vergangenen radikalen, menschenverachtenden und grauenvollen &#8220;h\u00f6heren Instanz&#8220;- Nazis-\u00a0\u00a0 hervorgebracht wurden. Es handelt sich dabei nicht um explizite Phrasen. Es handelt sich viel mehr um- aus der Sicht von Rechtspopulisten- Allgemeing\u00fcltiges, welches durch scheinbar einfache und &#8220;logische&#8220; Antworten auf hochkomplexe Themen, welche mit einem Glanz von Dummheit und Xenophobie strahlen, die &#8220;einzig wahre L\u00f6sung&#8220; zeigt. Die Kernaussage solcher ist:\u00a0 &#8220;Wir- die wahren Deutschen- sind die Opfer der Eliten.&#8220;, womit die Altparteien gemeint sind, die nach Auffassung der AfD, dem Willen der W\u00e4hler nicht mehr nachkommen,bzw. nicht erf\u00fcllen, da sie en favor des von Rechtsradikalen und -populisten gesponnen &#8220;Bev\u00f6lkerungsaustausches&#8220; sind. Das Spinnen solcher Theorien und Gedanken spielt hierbei eine bewusste Rolle. Diese Rolle ist nun nicht mehr die Rolle des Unschuldigen, der blo\u00df aus reiner emotionalen Angst und Wut, solches behauptet. Es ist mittlerweile ein Teil der Gesellschaft geworden, in der solche Phrasen- so scheint es- mehr und mehr akzeptiert werden, da es psychologisch deutlich einfacher ist, die Masse, die \u00e4ngstlich ist, und nach einem einfachen &#8220;Ausweg&#8220; sucht, zu manipulieren. Es br\u00e4uchte theoretisch nur einen Wahnsinnigen, der die Massen von einst, wieder mobilisieren kann, da durch die Allgemeing\u00fcltigkeit der Banalit\u00e4t des B\u00f6sen, das ernsthafte und\u00a0 unabh\u00e4ngige Hinterfragen geradezu zerst\u00f6rt wird. Die Banalit\u00e4t der AfD besteht darin, die Massen zu manipulieren und gleichzeitig zu mobilisieren. Die momentane Anh\u00e4ngerschaft dieser ist bereits schon f\u00f6rmlich &#8220;gleichgeschalten&#8220; und in ihrer emotionalen Bubble gefangen. Die Aussagen und Handlungen sowie die Taten der AfD werden i.d.F., durch die Banalit\u00e4t des B\u00f6sen einfach durchgewunken, d.h. die Mitglieder radikalisieren sich immer mehr und unterst\u00fctzen die Entwicklung zum &#8220;Schreibtischm\u00f6rder&#8220;,der durch die\u00a0Anh\u00e4ngerschaft der AfD nun wieder erneut in der modernen Form des Nationalsozialismus aufkommt. Auf der anderen Seite muss man von reiner Boshaftigkeit sprechen, da man, durch die M\u00f6glichkeiten, sich unabh\u00e4ngig aufkl\u00e4ren zu k\u00f6nnen, das &#8220;Gehabe&#8220; der Nazis erkennt und solche Tendenzen wahrnimmt. Die reine Boshaftigkeit liegt darin, dass man die Wahrheit ausblendet, und sich eine eigene erschafft. Der Hass gegen\u00fcber dem, was anders ist, ist bewusst und wird nicht nur durchgewunken, sondern weiter unterst\u00fctzt, durch den eigenen Hass. Die Boshaftigkeit dieser kann nie unbewusst sein. <\/p>\n\n\n\n<p>Die AfD f\u00f6rdert dies durch bewusste Verbalprovokationen, die gezielt gegen Minderheiten ausgerichtet sind, siehe A. Weidls &#8220;Kopftuchm\u00e4dchen und sonstige Taugenichtse&#8220;-Rede und etc.. Im Umgang mit der AfD ist festzustellen, dass es beide Arten von Boshaftigkeit gibt: Absolute, wie die Banalit\u00e4t dieser. Die Gefahr besteht darin, bestimmte Seiten auszublenden und nur eine, bzw einen Teil der dargestellten Seite zu zeigen. Jedoch ist es im gro\u00dfen eher die Absolute Boshaftigkeit, da, die geistige zur\u00fcckgebliebene Anh\u00e4ngerschaft, nun nicht mehr unwissend ist, sondern die Wahrheit ausblendet, und somit eine Eigene erfindet, um den selbst kreierten Hass zu &#8220;legitimieren&#8220;.\u00a0 <\/p>\n","protected":false},"excerpt":{"rendered":"<p>Seit der Bundestagswahl 2017, und dem damit verbundenem Einzug der AfD in den Bundestag, polarisiert diese, quer durch die gesellschaftlichen Schichten, Massen. Durch die eigens inszenierte &#8220;Opferstellung und -haltung&#8220;, und, durch Spitzenpolitiker, wie Alexander Gauland, hervorgebrachte Aussagen, wie &#8220;Die Zeit des Nationalsozialismus war ein Vogelschiss in der glorreichen Geschichte des 1000-j\u00e4hrigen Reichs&#8220;. Das Ziel, was [&hellip;]<\/p>\n","protected":false},"author":76,"featured_media":0,"comment_status":"open","ping_status":"open","sticky":false,"template":"","format":"standard","meta":{"footnotes":""},"categories":[8],"tags":[],"class_list":["post-5060","post","type-post","status-publish","format-standard","hentry","category-gesellschaft","missing-thumbnail"],"_links":{"self":[{"href":"https:\/\/ethikblogs.de\/index.php?rest_route=\/wp\/v2\/posts\/5060","targetHints":{"allow":["GET"]}}],"collection":[{"href":"https:\/\/ethikblogs.de\/index.php?rest_route=\/wp\/v2\/posts"}],"about":[{"href":"https:\/\/ethikblogs.de\/index.php?rest_route=\/wp\/v2\/types\/post"}],"author":[{"embeddable":true,"href":"https:\/\/ethikblogs.de\/index.php?rest_route=\/wp\/v2\/users\/76"}],"replies":[{"embeddable":true,"href":"https:\/\/ethikblogs.de\/index.php?rest_route=%2Fwp%2Fv2%2Fcomments&post=5060"}],"version-history":[{"count":4,"href":"https:\/\/ethikblogs.de\/index.php?rest_route=\/wp\/v2\/posts\/5060\/revisions"}],"predecessor-version":[{"id":5098,"href":"https:\/\/ethikblogs.de\/index.php?rest_route=\/wp\/v2\/posts\/5060\/revisions\/5098"}],"wp:attachment":[{"href":"https:\/\/ethikblogs.de\/index.php?rest_route=%2Fwp%2Fv2%2Fmedia&parent=5060"}],"wp:term":[{"taxonomy":"category","embeddable":true,"href":"https:\/\/ethikblogs.de\/index.php?rest_route=%2Fwp%2Fv2%2Fcategories&post=5060"},{"taxonomy":"post_tag","embeddable":true,"href":"https:\/\/ethikblogs.de\/index.php?rest_route=%2Fwp%2Fv2%2Ftags&post=5060"}],"curies":[{"name":"wp","href":"https:\/\/api.w.org\/{rel}","templated":true}]}}