{"id":6341,"date":"2022-01-03T18:16:59","date_gmt":"2022-01-03T17:16:59","guid":{"rendered":"https:\/\/ethikblogs.de\/?p=6341"},"modified":"2022-01-22T12:45:01","modified_gmt":"2022-01-22T11:45:01","slug":"unterrichtszusammenfassung-16-12-2021","status":"publish","type":"post","link":"https:\/\/ethikblogs.de\/?p=6341","title":{"rendered":"Unterrichtszusammenfassung 16.12.2021"},"content":{"rendered":"\n<p>Kursstufe 1                                                                                                                                       Tutor: M. Sch\u00fctze<\/p>\n\n\n\n<p> <\/p>\n\n\n\n<p>Die Stunde begann mit dem Austeilen der Klausuren. <br>Es folgte der Einstieg ins Thema &#8222;Philosophen der Antike&#8220;. Dieser gestaltete sich durch das Ausf\u00fcllen einer Tabelle (DIN A3 &#8211; siehe Anhang), die Philosophen, Philosophenschulen und Philosophengruppen zwischen 600 v. chr. und der R\u00f6mischen Antike enthielt und deren K\u00e4stchen mit Informationen zum Jeweiligen Thema ausgef\u00fcllt werden mussten. Anschlie\u00dfend wurde ein Jahresr\u00fcckblick zum Jahr 2021 ausgef\u00fcllt, das Blatt war jeweils privat und wird im Unterricht nicht weiter behandelt. Im allgemeinen war die Stunde eher locker, da es sich um die Letzte vor den Winterferien handelte.<\/p>\n\n\n\n<p>Anhang: Philosophentabelle<br><\/p>\n\n\n\n<div data-wp-interactive=\"core\/file\" class=\"wp-block-file\"><object data-wp-bind--hidden=\"!state.hasPdfPreview\" hidden class=\"wp-block-file__embed\" data=\"https:\/\/ethikblogs.de\/wp-content\/uploads\/2022\/01\/Unterrichtszusammenfassung_16-12-21_Tabelle.pdf\" type=\"application\/pdf\" style=\"width:100%;height:880px\" aria-label=\"Einbettung von Einbettung von Unterrichtszusammenfassung_16-12-21_Tabelle..\"><\/object><a href=\"https:\/\/ethikblogs.de\/wp-content\/uploads\/2022\/01\/Unterrichtszusammenfassung_16-12-21_Tabelle.pdf\">Unterrichtszusammenfassung_16-12-21_Tabelle<\/a><a href=\"https:\/\/ethikblogs.de\/wp-content\/uploads\/2022\/01\/Unterrichtszusammenfassung_16-12-21_Tabelle.pdf\" class=\"wp-block-file__button\" download>Herunterladen<\/a><\/div>\n\n\n\n<p>Anmerkung: Aristoteles und die hellenistische Philosophie wurden nicht ausgef\u00fcllt<\/p>\n","protected":false},"excerpt":{"rendered":"<p>Kursstufe 1 Tutor: M. Sch\u00fctze Die Stunde begann mit dem Austeilen der Klausuren. Es folgte der Einstieg ins Thema &#8222;Philosophen der Antike&#8220;. Dieser gestaltete sich durch das Ausf\u00fcllen einer Tabelle (DIN A3 &#8211; siehe Anhang), die Philosophen, Philosophenschulen und Philosophengruppen zwischen 600 v. chr. und der R\u00f6mischen Antike enthielt und deren K\u00e4stchen mit Informationen zum [&hellip;]<\/p>\n","protected":false},"author":76,"featured_media":0,"comment_status":"open","ping_status":"open","sticky":false,"template":"","format":"standard","meta":{"footnotes":""},"categories":[1],"tags":[],"class_list":["post-6341","post","type-post","status-publish","format-standard","hentry","category-uncategorized","missing-thumbnail"],"_links":{"self":[{"href":"https:\/\/ethikblogs.de\/index.php?rest_route=\/wp\/v2\/posts\/6341","targetHints":{"allow":["GET"]}}],"collection":[{"href":"https:\/\/ethikblogs.de\/index.php?rest_route=\/wp\/v2\/posts"}],"about":[{"href":"https:\/\/ethikblogs.de\/index.php?rest_route=\/wp\/v2\/types\/post"}],"author":[{"embeddable":true,"href":"https:\/\/ethikblogs.de\/index.php?rest_route=\/wp\/v2\/users\/76"}],"replies":[{"embeddable":true,"href":"https:\/\/ethikblogs.de\/index.php?rest_route=%2Fwp%2Fv2%2Fcomments&post=6341"}],"version-history":[{"count":4,"href":"https:\/\/ethikblogs.de\/index.php?rest_route=\/wp\/v2\/posts\/6341\/revisions"}],"predecessor-version":[{"id":6391,"href":"https:\/\/ethikblogs.de\/index.php?rest_route=\/wp\/v2\/posts\/6341\/revisions\/6391"}],"wp:attachment":[{"href":"https:\/\/ethikblogs.de\/index.php?rest_route=%2Fwp%2Fv2%2Fmedia&parent=6341"}],"wp:term":[{"taxonomy":"category","embeddable":true,"href":"https:\/\/ethikblogs.de\/index.php?rest_route=%2Fwp%2Fv2%2Fcategories&post=6341"},{"taxonomy":"post_tag","embeddable":true,"href":"https:\/\/ethikblogs.de\/index.php?rest_route=%2Fwp%2Fv2%2Ftags&post=6341"}],"curies":[{"name":"wp","href":"https:\/\/api.w.org\/{rel}","templated":true}]}}