{"id":6425,"date":"2022-03-10T21:10:30","date_gmt":"2022-03-10T20:10:30","guid":{"rendered":"https:\/\/ethikblogs.de\/?p=6425"},"modified":"2022-03-10T21:18:39","modified_gmt":"2022-03-10T20:18:39","slug":"unterrichtsprotokoll-10-03-2021","status":"publish","type":"post","link":"https:\/\/ethikblogs.de\/?p=6425","title":{"rendered":"Unterrichtsprotokoll 10.03.2021"},"content":{"rendered":"\n<p><strong>Organisatorisches:<\/strong><\/p>\n\n\n\n<ul class=\"wp-block-list\"><li>Handlungen von B und S<\/li><li>Wer war Kant?<\/li><li>Der gute Wille<\/li><\/ul>\n\n\n\n<p><strong>1.  AB Immanuel Kant<\/strong><\/p>\n\n\n\n<p><strong>S. 4 Immanuel Kant: Beurteilen von Handlungen<\/strong><\/p>\n\n\n\n<p>1. pflichtgem\u00e4\u00df<\/p>\n\n\n\n<p>2. pflichtgem\u00e4\u00df<\/p>\n\n\n\n<p>3. aus Pflicht<\/p>\n\n\n\n<p>4. pflichtgem\u00e4\u00df<\/p>\n\n\n\n<p>5. pflichtgem\u00e4\u00df<\/p>\n\n\n\n<p>6. pflichtwidrig<\/p>\n\n\n\n<p>7. aus Pflicht<\/p>\n\n\n\n<p>8. pflichtwidrig<\/p>\n\n\n\n<p>9. pflichtwidrig<\/p>\n\n\n\n<p>10. pflichtwidrig<\/p>\n\n\n\n<p>11. pflichtgem\u00e4\u00df<\/p>\n\n\n\n<p>12. aus Pflicht<\/p>\n\n\n\n<p>13. pflichtgem\u00e4\u00df<\/p>\n\n\n\n<p>14. pflichtgem\u00e4\u00df<\/p>\n\n\n\n<p>15. pflichtgem\u00e4\u00df<\/p>\n\n\n\n<p>16. pflichtgem\u00e4\u00df<\/p>\n\n\n\n<p>17. pflichtgem\u00e4\u00df<\/p>\n\n\n\n<p><\/p>\n\n\n\n<p><strong>S. 2: Leben und Werk<\/strong><\/p>\n\n\n\n<p><\/p>\n\n\n\n<p>Studium und Lehre<\/p>\n\n\n\n<ul class=\"wp-block-list\"><li>1. Werk mit 60 Jahren<\/li><\/ul>\n\n\n\n<ul class=\"wp-block-list\"><li>Studiert Physik, Philosophie, Mathematik<\/li><\/ul>\n\n\n\n<ul class=\"wp-block-list\"><li>Wichtige Fragen: Was kann ich wissen ?, Was kann ich tun ?, Was kann ich hoffen? Was ist der Mensch?<\/li><\/ul>\n\n\n\n<ul class=\"wp-block-list\"><li>Professor f\u00fcr z.B. Geographie, Philosophie und Theologie<\/li><\/ul>\n\n\n\n<p>Leben<\/p>\n\n\n\n<ul class=\"wp-block-list\"><li>Er stand kurz vor zwei Ehen, die der dann wegen \u201ezu viel nachdenken\u201c doch nicht einging<\/li><\/ul>\n\n\n\n<ul class=\"wp-block-list\"><li>Er besuchte adlige Gesellschaften<\/li><\/ul>\n\n\n\n<ul class=\"wp-block-list\"><li>gleicher wiederholender Tagesablauf, dadurch entstand ein stabiler \u00e4u\u00dferer Rahmen<\/li><\/ul>\n\n\n\n<p>War Kant ein Rassist?<\/p>\n\n\n\n<ul class=\"wp-block-list\"><li>Ja, da er seine Philosophie nur auf wei\u00dfe Menschen bezog<\/li><\/ul>\n\n\n\n<p><strong>2. Wir schauen den Film von Kant weiter (Der gute Wille)<\/strong><\/p>\n\n\n\n<p><\/p>\n","protected":false},"excerpt":{"rendered":"<p>Organisatorisches: Handlungen von B und S Wer war Kant? Der gute Wille 1. AB Immanuel Kant S. 4 Immanuel Kant: Beurteilen von Handlungen 1. pflichtgem\u00e4\u00df 2. pflichtgem\u00e4\u00df 3. aus Pflicht 4. pflichtgem\u00e4\u00df 5. pflichtgem\u00e4\u00df 6. pflichtwidrig 7. aus Pflicht 8. pflichtwidrig 9. pflichtwidrig 10. pflichtwidrig 11. pflichtgem\u00e4\u00df 12. aus Pflicht 13. pflichtgem\u00e4\u00df 14. pflichtgem\u00e4\u00df 15. [&hellip;]<\/p>\n","protected":false},"author":76,"featured_media":0,"comment_status":"open","ping_status":"open","sticky":false,"template":"","format":"standard","meta":{"footnotes":""},"categories":[1],"tags":[],"class_list":["post-6425","post","type-post","status-publish","format-standard","hentry","category-uncategorized","missing-thumbnail"],"_links":{"self":[{"href":"https:\/\/ethikblogs.de\/index.php?rest_route=\/wp\/v2\/posts\/6425","targetHints":{"allow":["GET"]}}],"collection":[{"href":"https:\/\/ethikblogs.de\/index.php?rest_route=\/wp\/v2\/posts"}],"about":[{"href":"https:\/\/ethikblogs.de\/index.php?rest_route=\/wp\/v2\/types\/post"}],"author":[{"embeddable":true,"href":"https:\/\/ethikblogs.de\/index.php?rest_route=\/wp\/v2\/users\/76"}],"replies":[{"embeddable":true,"href":"https:\/\/ethikblogs.de\/index.php?rest_route=%2Fwp%2Fv2%2Fcomments&post=6425"}],"version-history":[{"count":4,"href":"https:\/\/ethikblogs.de\/index.php?rest_route=\/wp\/v2\/posts\/6425\/revisions"}],"predecessor-version":[{"id":6430,"href":"https:\/\/ethikblogs.de\/index.php?rest_route=\/wp\/v2\/posts\/6425\/revisions\/6430"}],"wp:attachment":[{"href":"https:\/\/ethikblogs.de\/index.php?rest_route=%2Fwp%2Fv2%2Fmedia&parent=6425"}],"wp:term":[{"taxonomy":"category","embeddable":true,"href":"https:\/\/ethikblogs.de\/index.php?rest_route=%2Fwp%2Fv2%2Fcategories&post=6425"},{"taxonomy":"post_tag","embeddable":true,"href":"https:\/\/ethikblogs.de\/index.php?rest_route=%2Fwp%2Fv2%2Ftags&post=6425"}],"curies":[{"name":"wp","href":"https:\/\/api.w.org\/{rel}","templated":true}]}}