{"id":6918,"date":"2023-01-02T16:11:25","date_gmt":"2023-01-02T15:11:25","guid":{"rendered":"https:\/\/ethikblogs.de\/?p=6918"},"modified":"2023-01-02T16:11:25","modified_gmt":"2023-01-02T15:11:25","slug":"die-grenze-der-meinungsfreiheit","status":"publish","type":"post","link":"https:\/\/ethikblogs.de\/?p=6918","title":{"rendered":"Die Grenze der Meinungsfreiheit"},"content":{"rendered":"\n<p>\u201eJeder Mensch hat das Recht, seine Meinung in Wort, Schrift und Bild frei zu verbreiten\u201c<\/p>\n\n\n\n<p>Das ist Artikel f\u00fcnf des Grundgesetzes, der besagt, dass jeder Mensch seine Gedanken und Ansichten frei \u00e4u\u00dfern darf. Die Meinungsfreiheit ist ein Menschenrecht und wichtige Grundlage der Demokratie. Durch die freie \u00c4u\u00dferung der Meinung k\u00f6nnen sich B\u00fcrger aktiv an der Politik beteiligen, was dazu f\u00fchrt, dass Minderheiten besser repr\u00e4sentiert werden k\u00f6nnen. Die Meinungsfreiheit ist bedeutend, um Probleme zu diskutieren und gemeinsam L\u00f6sungen zu finden.<\/p>\n\n\n\n<p>Aber wo liegt die Grenze der Meinungsfreiheit?<\/p>\n\n\n\n<p>Dass die W\u00fcrde des Menschen unantastbar ist, steht in Artikel eins des Grundgesetzes. Man kann deshalb sagen, dass die Meinungsfreiheit dort endet, wo Menschen durch \u00c4u\u00dferungen beleidigt, erniedrigt oder verletzt werden.<\/p>\n\n\n\n<p>Hierbei finde ich es wichtig, die Art der \u00c4u\u00dferung zu beachten. Es ist nicht legitim, eine Person wegen seiner Herkunft oder Religion zu beleidigen. Andererseits k\u00f6nnen Meinungsverschiedenheiten schnell dazu f\u00fchren, dass sich Menschen beleidigt f\u00fchlen. Man muss Respekt gegen\u00fcber seinen Mitmenschen haben und sich auf das Gespr\u00e4ch, bzw. die Diskussion einlassen. Man sollte dar\u00fcber nachdenken, ob die Dinge, die man sagen m\u00f6chte, Menschen angreifen k\u00f6nnten. Wenn man es trotzdem als notwendig empfindet, die eigene Meinung zu verteidigen, um wichtige, auch unangenehme Themen anzusprechen, muss man es gegebenenfalls in Kauf nehmen, dass Menschen eine negative Reaktion auf die Meinung haben.<\/p>\n\n\n\n<p>Man kann au\u00dferdem sagen, dass die Meinungsfreiheit dort ihre Grenze hat, wo Unwahrheiten, Fake News oder \u201eHate Speech\u201c verbreitet werden. Das Verbreiten von Unwahrheiten kann sehr viel Schaden anrichten. Vor allem, wenn Menschen mit gro\u00dfer Reichweite ihre Plattform verwenden, um ihre Meinungen zu verbreiten.<\/p>\n\n\n\n<p>Ein Beispiel daf\u00fcr w\u00e4re Kanye West. Er verbreitet im Internet, bzw. auf Twitter antisemitische \u00c4u\u00dferungen. Da er eine gro\u00dfe Fanbase hat, nehmen ihn trotzdem viele seiner Anh\u00e4nger in Schutz oder legitimieren derartige Ansichten durch ihn. Hier ist klar, dass Kanye West die Grenze der Meinungsfreiheit \u00fcberschritten hat, weil er mit seiner Meinung, die W\u00fcrde vieler Menschen verletzt und Unwahres verbreitet.<\/p>\n\n\n\n<p>Dem gegen\u00fcber steht die Ansicht, nur weil die Meinung eines Menschen falsch ist, sollte dessen Meinungsfreiheit nicht automatisch eingeschr\u00e4nkt werden. Albert Einstein sagte: \u201eWenn die Menschen nur \u00fcber das spr\u00e4chen, was sie begreifen, dann w\u00fcrde es sehr still sein auf der Welt.\u201c Es ist wichtig, dass Menschen ins Gespr\u00e4ch kommen, um Unwahrheiten aufzukl\u00e4ren. Dadurch kann der Prozess des Lernens bei jedem Menschen st\u00e4ndig weiter gehen und Verst\u00e4ndnis und Mitgef\u00fchl wachsen.<\/p>\n\n\n\n<p>Ich finde es sehr wichtig, \u00fcber die Grenze der Meinungsfreiheit nachzudenken, um herauszufinden, was man selbst als Grenze definiert. Ich pers\u00f6nlich orientiere mich am Artikel 1 des GG. Dadurch denke ich \u00fcber meine Meinung nach und bin mir im Klaren dar\u00fcber, ob meine Meinung legitim begr\u00fcndbar ist. Zudem finde ich es relevant, dass man auf den Ausdruck seiner Meinungs\u00e4u\u00dferung achtet und respektvoll ist.<\/p>\n\n\n\n<p>Quellen:<\/p>\n\n\n\n<p><a href=\"https:\/\/www.bundestag.de\/gg\/grundrechte\">https:\/\/www.bundestag.de\/gg\/grundrechte<\/a> (31.12.2022)<\/p>\n\n\n\n<p><a href=\"https:\/\/www.liberties.eu\/de\/stories\/warum-ist-das-recht-auf-freie-meinungsaeusserung-wichtig\/44136\">https:\/\/www.liberties.eu\/de\/stories\/warum-ist-das-recht-auf-freie-meinungsaeusserung-wichtig\/44136<\/a> (31.12.2022)<\/p>\n\n\n\n<p> <a href=\"https:\/\/youtu.be\/hqe7iyjFmEw\">https:\/\/youtu.be\/hqe7iyjFmEw<\/a> (31.12.2022)<\/p>\n\n\n\n<p><a href=\"https:\/\/www.geo.de\/amp\/geolino\/mensch\/19221-rtkl-sprueche-albert-einstein-seine-schoensten-zitate\">https:\/\/www.geo.de\/amp\/geolino\/mensch\/19221-rtkl-sprueche-albert-einstein-seine-schoensten-zitate<\/a> (01.01.2023)<\/p>\n","protected":false},"excerpt":{"rendered":"<p>\u201eJeder Mensch hat das Recht, seine Meinung in Wort, Schrift und Bild frei zu verbreiten\u201c Das ist Artikel f\u00fcnf des Grundgesetzes, der besagt, dass jeder Mensch seine Gedanken und Ansichten frei \u00e4u\u00dfern darf. Die Meinungsfreiheit ist ein Menschenrecht und wichtige Grundlage der Demokratie. Durch die freie \u00c4u\u00dferung der Meinung k\u00f6nnen sich B\u00fcrger aktiv an der [&hellip;]<\/p>\n","protected":false},"author":76,"featured_media":0,"comment_status":"open","ping_status":"open","sticky":false,"template":"","format":"standard","meta":{"footnotes":""},"categories":[1],"tags":[],"class_list":["post-6918","post","type-post","status-publish","format-standard","hentry","category-uncategorized","missing-thumbnail"],"_links":{"self":[{"href":"https:\/\/ethikblogs.de\/index.php?rest_route=\/wp\/v2\/posts\/6918","targetHints":{"allow":["GET"]}}],"collection":[{"href":"https:\/\/ethikblogs.de\/index.php?rest_route=\/wp\/v2\/posts"}],"about":[{"href":"https:\/\/ethikblogs.de\/index.php?rest_route=\/wp\/v2\/types\/post"}],"author":[{"embeddable":true,"href":"https:\/\/ethikblogs.de\/index.php?rest_route=\/wp\/v2\/users\/76"}],"replies":[{"embeddable":true,"href":"https:\/\/ethikblogs.de\/index.php?rest_route=%2Fwp%2Fv2%2Fcomments&post=6918"}],"version-history":[{"count":1,"href":"https:\/\/ethikblogs.de\/index.php?rest_route=\/wp\/v2\/posts\/6918\/revisions"}],"predecessor-version":[{"id":6919,"href":"https:\/\/ethikblogs.de\/index.php?rest_route=\/wp\/v2\/posts\/6918\/revisions\/6919"}],"wp:attachment":[{"href":"https:\/\/ethikblogs.de\/index.php?rest_route=%2Fwp%2Fv2%2Fmedia&parent=6918"}],"wp:term":[{"taxonomy":"category","embeddable":true,"href":"https:\/\/ethikblogs.de\/index.php?rest_route=%2Fwp%2Fv2%2Fcategories&post=6918"},{"taxonomy":"post_tag","embeddable":true,"href":"https:\/\/ethikblogs.de\/index.php?rest_route=%2Fwp%2Fv2%2Ftags&post=6918"}],"curies":[{"name":"wp","href":"https:\/\/api.w.org\/{rel}","templated":true}]}}