{"id":7233,"date":"2023-07-09T12:29:44","date_gmt":"2023-07-09T10:29:44","guid":{"rendered":"https:\/\/ethikblogs.de\/?p=7233"},"modified":"2023-07-09T12:29:44","modified_gmt":"2023-07-09T10:29:44","slug":"allgemeine-impfpflicht-in-deutschland","status":"publish","type":"post","link":"https:\/\/ethikblogs.de\/?p=7233","title":{"rendered":"Allgemeine Impfpflicht in Deutschland?"},"content":{"rendered":"\n<p>Die Frage nach einer allgemeinen Impfpflicht in Deutschland besch\u00e4ftigt seit Jahren viele Menschen. Besonders w\u00e4hrend der Corona Pandemie und den strengen Gesundheitsauflagen, kam oft die Frage nach einer Impfpflicht auf. W\u00e4hrend einige argumentieren, dass eine Impfpflicht notwendig ist, um die Ausbreitung von Krankheiten einzud\u00e4mmen und vulnerable Bev\u00f6lkerungsgruppen zu sch\u00fctzen, betonen andere die individuelle Freiheit und lehnen eine solche Pflicht ab. In diesem Beitrag m\u00f6chte ich die Vor- und Nachteile einer Impfpflicht beleuchten. Mich interessiert au\u00dferdem eure Meinung zu dem Thema, also gerne kommentieren.<\/p>\n\n\n\n<p>F\u00fcr eine allgemeine Impfpflicht in Deutschland spricht der Schutz der Bev\u00f6lkerung: Eine Impfpflicht k\u00f6nnte dazu beitragen, die Ausbreitung von Infektionskrankheiten einzud\u00e4mmen und vulnerable Gruppen wie S\u00e4uglinge, Schwangere und Menschen mit geschw\u00e4chtem Immunsystem zu sch\u00fctzen. Durch eine hohe Durchimpfungsrate k\u00f6nnte die Ansteckungsgefahr minimiert werden. Au\u00dferdem sind Impfungen nicht nur eine individuelle Entscheidung, sondern haben auch Auswirkungen auf die Gesellschaft als Ganzes. Eine Impfpflicht k\u00f6nnte als Ausdruck der Solidarit\u00e4t und Verantwortung gegen\u00fcber anderen Menschen betrachtet werden. Ein weiterer Punkt, der f\u00fcr eine Impfpflicht spricht, ist die Chance, dazu beizutragen, dass Krankheitsausbr\u00fcche verhindert oder einged\u00e4mmt werden k\u00f6nnen. Dies w\u00fcrde sowohl die Belastung des Gesundheitssystems reduzieren als auch die wirtschaftlichen Auswirkungen von Epidemien minimieren.<\/p>\n\n\n\n<p>Es gibt aber auch einige Argumente, die gegen eine Impfpflicht sprechen. Dies ist unter anderem die pers\u00f6nliche und individuelle Freiheit. Eine Impfpflicht k\u00f6nnte als Eingriff in die individuelle Freiheit und das Recht auf Selbstbestimmung betrachtet werden. Aus meiner Sicht sollte jeder Mensch das Recht haben, \u00fcber seinen eigenen K\u00f6rper und seine Gesundheit selbst zu entscheiden. Des Weiteren k\u00f6nnte eine Impfpflicht das Vertrauen in unser Gesundheitssystem beeintr\u00e4chtigen. Ein freiwilliger Ansatz, der auf Aufkl\u00e4rung und \u00dcberzeugung basiert, k\u00f6nnte m\u00f6glicherweise zu einer h\u00f6heren Akzeptanz von Impfungen f\u00fchren und ist aus meiner Sicht sinnvoller. Aus ethischer Sicht gibt es auch Bedenken, insbesondere in Bezug auf m\u00f6gliche Nebenwirkungen und individuelle Risikofaktoren. Es ist wichtig, dass die Bed\u00fcrfnisse und Umst\u00e4nde jedes Einzelnen in die Entscheidung f\u00fcr oder gegen eine Impfpflicht mit einbezogen werden, was mich zum Fazit f\u00fchrt:<\/p>\n\n\n\n<p><br>Die Frage nach einer allgemeinen Impfpflicht in Deutschland ist keinesfalls eine leichte. Eine ausgewogene Diskussion und eine umfassende Aufkl\u00e4rung \u00fcber die Vorteile und Risiken von Impfungen sind entscheidend, um das Vertrauen in das Gesundheitssystem zu st\u00e4rken und eine hohe Durchimpfungsrate zu erreichen. Ich bin zwar gegen viele Krankheiten geimpft und halte Impfungen auch f\u00fcr \u00e4u\u00dferst sinnvoll. Eine Impfpflicht einzuf\u00fchren finde ich aber problematisch und w\u00fcrde dem nicht zustimmen, da der Faktor der pers\u00f6nlichen Freiheit meiner Meinung nach eine wichtige Rolle spielt und durch eine Impfpflicht verletzt werden w\u00fcrde.<\/p>\n\n\n\n<p>Was ist eure Meinung zu diesem Thema?<\/p>\n\n\n\n<p><strong>Quellen:<\/strong><\/p>\n\n\n\n<p><a href=\"https:\/\/www.bpb.de\/shop\/zeitschriften\/apuz\/medizin-und-ethik-in-der-pandemie-2021\/334619\/ethik-des-impfens\/\">Ethik des Impfens | Medizin und Ethik in der Pandemie | bpb.de<\/a><\/p>\n\n\n\n<p><a href=\"https:\/\/www.zdf.de\/nachrichten\/panorama\/corona-pro-und-contra-impfpflicht-100.html\">Was f\u00fcr die Impfpflicht spricht &#8211; und was dagegen &#8211; ZDFheute<\/a><\/p>\n\n\n\n<p><a href=\"https:\/\/www.vfa.de\/de\/arzneimittel-forschung\/impfen\/fragen-zum-impfen\">Warum ist Impfen wichtig? Antworten auf die h\u00e4ufigsten Fragen | vfa<\/a><\/p>\n","protected":false},"excerpt":{"rendered":"<p>Die Frage nach einer allgemeinen Impfpflicht in Deutschland besch\u00e4ftigt seit Jahren viele Menschen. Besonders w\u00e4hrend der Corona Pandemie und den strengen Gesundheitsauflagen, kam oft die Frage nach einer Impfpflicht auf. W\u00e4hrend einige argumentieren, dass eine Impfpflicht notwendig ist, um die Ausbreitung von Krankheiten einzud\u00e4mmen und vulnerable Bev\u00f6lkerungsgruppen zu sch\u00fctzen, betonen andere die individuelle Freiheit und [&hellip;]<\/p>\n","protected":false},"author":76,"featured_media":0,"comment_status":"open","ping_status":"open","sticky":false,"template":"","format":"standard","meta":{"footnotes":""},"categories":[1],"tags":[],"class_list":["post-7233","post","type-post","status-publish","format-standard","hentry","category-uncategorized","missing-thumbnail"],"_links":{"self":[{"href":"https:\/\/ethikblogs.de\/index.php?rest_route=\/wp\/v2\/posts\/7233","targetHints":{"allow":["GET"]}}],"collection":[{"href":"https:\/\/ethikblogs.de\/index.php?rest_route=\/wp\/v2\/posts"}],"about":[{"href":"https:\/\/ethikblogs.de\/index.php?rest_route=\/wp\/v2\/types\/post"}],"author":[{"embeddable":true,"href":"https:\/\/ethikblogs.de\/index.php?rest_route=\/wp\/v2\/users\/76"}],"replies":[{"embeddable":true,"href":"https:\/\/ethikblogs.de\/index.php?rest_route=%2Fwp%2Fv2%2Fcomments&post=7233"}],"version-history":[{"count":1,"href":"https:\/\/ethikblogs.de\/index.php?rest_route=\/wp\/v2\/posts\/7233\/revisions"}],"predecessor-version":[{"id":7239,"href":"https:\/\/ethikblogs.de\/index.php?rest_route=\/wp\/v2\/posts\/7233\/revisions\/7239"}],"wp:attachment":[{"href":"https:\/\/ethikblogs.de\/index.php?rest_route=%2Fwp%2Fv2%2Fmedia&parent=7233"}],"wp:term":[{"taxonomy":"category","embeddable":true,"href":"https:\/\/ethikblogs.de\/index.php?rest_route=%2Fwp%2Fv2%2Fcategories&post=7233"},{"taxonomy":"post_tag","embeddable":true,"href":"https:\/\/ethikblogs.de\/index.php?rest_route=%2Fwp%2Fv2%2Ftags&post=7233"}],"curies":[{"name":"wp","href":"https:\/\/api.w.org\/{rel}","templated":true}]}}