{"id":7260,"date":"2023-07-09T14:39:24","date_gmt":"2023-07-09T12:39:24","guid":{"rendered":"https:\/\/ethikblogs.de\/?p=7260"},"modified":"2023-07-09T14:39:24","modified_gmt":"2023-07-09T12:39:24","slug":"ist-die-todesstrafe-ethisch-vertretbar-oder-verstoesst-sie-gegen-die-menschenwuerde","status":"publish","type":"post","link":"https:\/\/ethikblogs.de\/?p=7260","title":{"rendered":"Ist die Todesstrafe ethisch vertretbar oder verst\u00f6\u00dft sie gegen die Menschenw\u00fcrde?"},"content":{"rendered":"\n<p>Die Todesstrafe ist ein Thema, das seit Jahrhunderten die Gem\u00fcter bewegt und zu heftigen Debatten f\u00fchrt. Die Frage, ob die Todesstrafe ethisch vertretbar ist oder gegen die Menschenw\u00fcrde verst\u00f6\u00dft, ist eine der wichtigsten ethischen Fragen unserer Zeit. <\/p>\n\n\n\n<p>Auf der einen Seite argumentieren Bef\u00fcrworter der Todesstrafe, dass sie eine gerechte Bestrafung f\u00fcr schwere Verbrechen wie Mord oder Terrorismus darstellt. Sie glauben, dass die Todesstrafe ein starkes Abschreckungsmittel ist und dass sie die Gesellschaft vor gef\u00e4hrlichen Verbrechern sch\u00fctzt. Dar\u00fcber hinaus argumentieren sie, dass die Todesstrafe den Familien der Opfer von Gewaltverbrechen eine gewisse Form von Gerechtigkeit und Genugtuung bietet. <\/p>\n\n\n\n<p>Auf der anderen Seite sagen die Gegner der Todesstrafe, dass sie gegen die Menschenw\u00fcrde verst\u00f6\u00dft und dass es keine moralische Rechtfertigung f\u00fcr den Staat gibt, das Leben eines Menschen zu nehmen. Sie glauben, dass die Todesstrafe ein unmenschliches und barbarisches Strafma\u00df ist, das nicht mit den Grunds\u00e4tzen einer zivilisierten Gesellschaft vereinbar ist. Des weiteren argumentieren sie, dass die Todesstrafe nicht als Abschreckungsmittel dient und dass sie nicht dazu beitr\u00e4gt, die Gesellschaft vor Gewaltverbrechern zu sch\u00fctzen. <\/p>\n\n\n\n<p>In vielen L\u00e4ndern wird die Todesstrafe heute noch angewendet, w\u00e4hrend sie in anderen L\u00e4ndern angeschafft wurde. In Europa wurde die Todesstrafe in den meisten L\u00e4ndern abgeschafft und die Europ\u00e4ische Union hat sich zum Ziel gesetzt, die weltweite Abschaffung der Todesstrafe zu f\u00f6rdern. <\/p>\n\n\n\n<p>Ich pers\u00f6nlich denke, dass die Todesstrafe aus den oben genannten Gr\u00fcnden ethisch nicht vertretbar ist. Meiner Meinung nach gibt es noch andere Mittel einen M\u00f6rder oder sonstige Gewaltverbrecher in gerechtem Ma\u00dfe zu bestrafen. <\/p>\n\n\n\n<p>Was ist eure Meinung zu diesem Thema? <\/p>\n","protected":false},"excerpt":{"rendered":"<p>Die Todesstrafe ist ein Thema, das seit Jahrhunderten die Gem\u00fcter bewegt und zu heftigen Debatten f\u00fchrt. Die Frage, ob die Todesstrafe ethisch vertretbar ist oder gegen die Menschenw\u00fcrde verst\u00f6\u00dft, ist eine der wichtigsten ethischen Fragen unserer Zeit. Auf der einen Seite argumentieren Bef\u00fcrworter der Todesstrafe, dass sie eine gerechte Bestrafung f\u00fcr schwere Verbrechen wie Mord [&hellip;]<\/p>\n","protected":false},"author":76,"featured_media":0,"comment_status":"open","ping_status":"open","sticky":false,"template":"","format":"standard","meta":{"footnotes":""},"categories":[1],"tags":[],"class_list":["post-7260","post","type-post","status-publish","format-standard","hentry","category-uncategorized","missing-thumbnail"],"_links":{"self":[{"href":"https:\/\/ethikblogs.de\/index.php?rest_route=\/wp\/v2\/posts\/7260","targetHints":{"allow":["GET"]}}],"collection":[{"href":"https:\/\/ethikblogs.de\/index.php?rest_route=\/wp\/v2\/posts"}],"about":[{"href":"https:\/\/ethikblogs.de\/index.php?rest_route=\/wp\/v2\/types\/post"}],"author":[{"embeddable":true,"href":"https:\/\/ethikblogs.de\/index.php?rest_route=\/wp\/v2\/users\/76"}],"replies":[{"embeddable":true,"href":"https:\/\/ethikblogs.de\/index.php?rest_route=%2Fwp%2Fv2%2Fcomments&post=7260"}],"version-history":[{"count":1,"href":"https:\/\/ethikblogs.de\/index.php?rest_route=\/wp\/v2\/posts\/7260\/revisions"}],"predecessor-version":[{"id":7266,"href":"https:\/\/ethikblogs.de\/index.php?rest_route=\/wp\/v2\/posts\/7260\/revisions\/7266"}],"wp:attachment":[{"href":"https:\/\/ethikblogs.de\/index.php?rest_route=%2Fwp%2Fv2%2Fmedia&parent=7260"}],"wp:term":[{"taxonomy":"category","embeddable":true,"href":"https:\/\/ethikblogs.de\/index.php?rest_route=%2Fwp%2Fv2%2Fcategories&post=7260"},{"taxonomy":"post_tag","embeddable":true,"href":"https:\/\/ethikblogs.de\/index.php?rest_route=%2Fwp%2Fv2%2Ftags&post=7260"}],"curies":[{"name":"wp","href":"https:\/\/api.w.org\/{rel}","templated":true}]}}