{"id":7263,"date":"2023-07-09T15:23:42","date_gmt":"2023-07-09T13:23:42","guid":{"rendered":"https:\/\/ethikblogs.de\/?p=7263"},"modified":"2023-07-09T15:23:42","modified_gmt":"2023-07-09T13:23:42","slug":"die-afd-doch-keine-alternative","status":"publish","type":"post","link":"https:\/\/ethikblogs.de\/?p=7263","title":{"rendered":"Die AfD- Doch keine Alternative?"},"content":{"rendered":"\n<p>Die AfD, kurz f\u00fcr Alternative f\u00fcr Deutschland, wurde am 6. Februar 2013 als EU-skeptische und rechtsliberale Partei gegr\u00fcndet. Sie sitzt seit 2017 im Bundestag. Die Ausrichtungen der AfD sind unter anderem V\u00f6lkischer Nationalismus, Islamfeindlichkeit und Rechtextremismus. Seit neustem gewinnt die AfD an Zuspruch. Wenn am Sonntag Bundestagswahl w\u00e4re, w\u00fcrde die AfD mit 19,8% zweitst\u00e4rkste Kraft hinter der CDU sein. Diese Werte sind angesichts ihrer Ausrichtung erschreckend. Doch was bringt Menschen \u00fcberhaupt dazu, die AfD zu w\u00e4hlen? Und w\u00e4re sie eine Alternative zu aktuellen Regierung.<\/p>\n\n\n\n<p>Um die Frage kurz und schmerzlos zu beantworten: Auf gar keinen Fall! Allein schon ihre Ziele wie die Aufhebung der Geschlechtsidentit\u00e4ten oder die schon angesprochene Islamfeindlichkeit sind Gr\u00fcnde, solch eine diskriminierende Partei nicht zu w\u00e4hlen. Dazu kommen noch einige andere Meinungen, die einfach nur fragw\u00fcrdig sind. Zum einen leugnet die AfD den vom Mensch verursachten (anthropogenen) Klimawandel. Wissenschaftliche Untersuchungen zum Klimawandel seien ,,unsicherheitsbehaftet\u00b4\u00b4 hie\u00df es im AfD-Programm zur Europawahl 2014. Die AfD sieht die Energiewende\u00a0als eine Gefahr f\u00fcr die deutsche\u00a0Energiesicherheit\u00a0an und warnt, dass es zu Blackouts kommen k\u00f6nnte. Daher setzt sich die Partei f\u00fcr eine Weiternutzung von Kohle sowie Atomkraft ein. Der Atomausstieg solle r\u00fcckg\u00e4ngig gemacht und im Bereich\u00a0Kernenergie\/Atomreaktoren geforscht werden. Zudem sei\u00a0Braunkohle als einziger heimischer\u00a0grundlastf\u00e4higer Energietr\u00e4ger f\u00fcr die deutsche Energiesicherheit und Energieunabh\u00e4ngigkeit zentral.\u00a0Die AfD lehnte daher den\u00a0Kohleausstieg ab. 2016 sprach sich die AfD in ihrem Grundsatzprogramm zudem f\u00fcr die Erforschung von\u00a0Fracking\u00a0aus.\u00a0Des weiteren lehnt die AfD eine CO<sub>2<\/sub>-Steuer ab. Zum anderen vertritt die AfD in der\u00a0Geschlechterpolitik konservativ antifeministische Positionen und lehnt\u00a0Gleichstellungspolitik\u00a0sowie\u00a0Gender-Mainstreaming\u00a0ab. Dabei st\u00fctzt sie sich unter anderem auf christlich-fundamentalistische\u00a0und\u00a0v\u00f6lkische Vorstellungen. Fragen der\u00a0Demografie\u00a0erachtet die AfD als relevant. Sie tritt f\u00fcr die traditionelle Familie aus Mann und Frau ein und wendet sich sowohl gegen\u00a0Frauenquoten\u00a0als auch gegen eine, wie oben schon erw\u00e4hnte, vermeintliche Aufhebung der\u00a0Geschlechtsidentit\u00e4ten.\u00a0Aufmerksamkeit erregt die AfD durch\u00a0Kampagnen\u00a0wie \u201eStoppt den Gender-Wahn\u201c vor allem in den\u00a0sozialen Medien.\u00a0Die Landtagsfraktionen der Partei wandten sich 2016 in der\u00a0Magdeburger Aufkl\u00e4rung\u00a0gegen die\u00a0Sexualaufkl\u00e4rung\u00a0in Kindergarten und Grundschule und speziell gegen die Aufkl\u00e4rung \u00fcber sexuelle Vielfalt.\u00a0Teile der\u00a0Lebensschutzbewegung\u00a0finden hier Ankn\u00fcpfungspunkte und nehmen vor allem in den s\u00fcddeutschen Landesverb\u00e4nden Einfluss auf die Partei.\u00a0Im s\u00fcddeutschen Raum ist die AfD auch an\u00a0Anti-Gender-Bewegungen\u00a0wie der ,,Demo f\u00fcr alle\u00b4\u00b4 beteiligt. Zwar spricht die AfD sich seit 2016 f\u00fcr die Beibehaltung des\u00a0Mindestlohns\u00a0aus, jedoch ohne dabei eine konkrete H\u00f6he zu nennen, die er betragen m\u00fcsse.\u00a0Gleichzeitig lehnte sie eine weitere Erh\u00f6hung des Mindestlohns ab. Mitglieder des Parteivorstandes, wie J\u00f6rg Meuthen, \u00e4u\u00dferten sich auch danach noch kritisch zum Mindestlohn und schlugen stattdessen eine staatliche Aufstockung des Lohnes und damit eine\u00a0Quersubventionierung\u00a0von Niedrigl\u00f6hnen durch den Steuerzahler vor.\u00a0Vor der\u00a0Europawahl 2014\u00a0lehnte die AfD einen fl\u00e4chendeckenden Mindestlohn noch ab, denn er k\u00f6nne diese Absicherung nicht leisten und gef\u00e4hrde Arbeitspl\u00e4tze.<\/p>\n\n\n\n<p>Doch wieso steigt die AfD in den Zahlen wieder. Viele sagen, es seien Protestw\u00e4hler, die genug von der aktuellen Regierung h\u00e4tten und etwas anderes haben wollen. Doch wieso genau die AfD? Ihre Ziele und Ausrichtungen sind nicht nur diskriminierend, sondern gr\u00f6\u00dftenteils auch einfach unsinnig. <\/p>\n\n\n\n<p>Ich pers\u00f6nlich w\u00fcrde auf keinen Fall die AfD w\u00e4hlen, denn ich stehe fast komplett gegen ihre Ausrichtungen und Ziele. Die AfD zeigt langsam aber sicher Z\u00fcge der NPD, welche schon verboten wurde. Vielleicht trifft dieses Schicksal auch mal die AfD. Das w\u00e4re nicht nur besser f\u00fcr die Demokratie, sondern auch besser f\u00fcr beinahe alle Menschen.<\/p>\n\n\n\n<p>Quellen:<\/p>\n\n\n\n<p><a href=\"https:\/\/dawum.de\/Bundestag\/\">Bundestagswahl: Neueste Wahlumfragen im Wahltrend | Sonntagsfrage #btwahl (dawum.de)<\/a>, Aufgerufen am: 09.07.2023                                                                                                                                         Oliver Das Gupta:\u00a0<a href=\"https:\/\/www.sueddeutsche.de\/politik\/klimawandel-interview-1.4345073\"><em>Klimaschutz und Klimagegner \u2013 \u201eWir d\u00fcrfen nicht nur \u00fcber drohende Schreckensszenarien sprechen\u201c.<\/em><\/a>\u00a0, Aufgerufen am: 09.07.2023                                                                                               <a href=\"https:\/\/www.zeit.de\/gesellschaft\/2016-11\/sexualkunde-unterricht-afd-schule-kinder-homosexualitaet-transsexualitaet\"><em>Sexualkunde-Unterricht: AfD hat was gegen Aufkl\u00e4rung \u00fcber sexuelle Vielfalt.<\/em><\/a>\u00a0<a href=\"https:\/\/de.wikipedia.org\/wiki\/Zeit_Online\">Zeit Online<\/a>,, Aufgerufen am: 09.07.2023 \u00a0                                                                                                                                                  <a href=\"https:\/\/www.sueddeutsche.de\/1.2975251\"><em>Das hat der AfD-Parteitag beschlossen.<\/em><\/a>\u00a0<a href=\"https:\/\/de.wikipedia.org\/wiki\/S%C3%BCddeutsche_Zeitung\">S\u00fcddeutsche Zeitung<\/a>,\u00a0Aufgerufen am: 09.07.2023<\/p>\n\n\n\n<p><\/p>\n","protected":false},"excerpt":{"rendered":"<p>Die AfD, kurz f\u00fcr Alternative f\u00fcr Deutschland, wurde am 6. Februar 2013 als EU-skeptische und rechtsliberale Partei gegr\u00fcndet. Sie sitzt seit 2017 im Bundestag. Die Ausrichtungen der AfD sind unter anderem V\u00f6lkischer Nationalismus, Islamfeindlichkeit und Rechtextremismus. Seit neustem gewinnt die AfD an Zuspruch. Wenn am Sonntag Bundestagswahl w\u00e4re, w\u00fcrde die AfD mit 19,8% zweitst\u00e4rkste Kraft [&hellip;]<\/p>\n","protected":false},"author":76,"featured_media":0,"comment_status":"open","ping_status":"open","sticky":false,"template":"","format":"standard","meta":{"footnotes":""},"categories":[1],"tags":[],"class_list":["post-7263","post","type-post","status-publish","format-standard","hentry","category-uncategorized","missing-thumbnail"],"_links":{"self":[{"href":"https:\/\/ethikblogs.de\/index.php?rest_route=\/wp\/v2\/posts\/7263","targetHints":{"allow":["GET"]}}],"collection":[{"href":"https:\/\/ethikblogs.de\/index.php?rest_route=\/wp\/v2\/posts"}],"about":[{"href":"https:\/\/ethikblogs.de\/index.php?rest_route=\/wp\/v2\/types\/post"}],"author":[{"embeddable":true,"href":"https:\/\/ethikblogs.de\/index.php?rest_route=\/wp\/v2\/users\/76"}],"replies":[{"embeddable":true,"href":"https:\/\/ethikblogs.de\/index.php?rest_route=%2Fwp%2Fv2%2Fcomments&post=7263"}],"version-history":[{"count":1,"href":"https:\/\/ethikblogs.de\/index.php?rest_route=\/wp\/v2\/posts\/7263\/revisions"}],"predecessor-version":[{"id":7275,"href":"https:\/\/ethikblogs.de\/index.php?rest_route=\/wp\/v2\/posts\/7263\/revisions\/7275"}],"wp:attachment":[{"href":"https:\/\/ethikblogs.de\/index.php?rest_route=%2Fwp%2Fv2%2Fmedia&parent=7263"}],"wp:term":[{"taxonomy":"category","embeddable":true,"href":"https:\/\/ethikblogs.de\/index.php?rest_route=%2Fwp%2Fv2%2Fcategories&post=7263"},{"taxonomy":"post_tag","embeddable":true,"href":"https:\/\/ethikblogs.de\/index.php?rest_route=%2Fwp%2Fv2%2Ftags&post=7263"}],"curies":[{"name":"wp","href":"https:\/\/api.w.org\/{rel}","templated":true}]}}