{"id":7858,"date":"2024-05-20T17:22:07","date_gmt":"2024-05-20T15:22:07","guid":{"rendered":"https:\/\/ethikblogs.de\/?p=7858"},"modified":"2024-05-20T17:22:07","modified_gmt":"2024-05-20T15:22:07","slug":"koennen-maenner-feministisch-sein","status":"publish","type":"post","link":"https:\/\/ethikblogs.de\/?p=7858","title":{"rendered":"K\u00f6nnen M\u00e4nner feministisch sein?"},"content":{"rendered":"\n<div class=\"wp-block-group is-vertical is-layout-flex wp-container-core-group-is-layout-8cf370e7 wp-block-group-is-layout-flex\">\n<p>\u201eIf you stand for equality, you&#8217;re a feminist. That&#8217;s it. I&#8217;m aware of a lot more male feminists now then I was a few years ago and it&#8217;s really heartening. People have come back to what the actual definition means and that&#8217;s equality: socially, politically and economically,&#8220;\u201d(<em>Zitat 1<\/em>)<\/p>\n\n\n\n<p>\u2013 Dieses Zitat von Emma Watson weist auf Feminismus hin, impliziert jedoch, dass sowohl M\u00e4nner als auch Frauen gleicherma\u00dfen Feministen sein k\u00f6nnen. Aber k\u00f6nnen M\u00e4nner, die nicht unmittelbar an den Problemen der Frauen leiden \u00fcberhaupt voll und ganz feministisch sein?<\/p>\n<\/div>\n\n\n\n<p>Um diese Frage zu beantworten, gilt es zuallererst den Begriff \u201eFeminismus\u201c zu definieren. Im Ursprung des Feminismus steht\u00a0 die gewollte F\u00f6rderung der Geschlechtergleichheit und eine Haltung gegen Sexismus und die Diskriminierung von Frauen. Heutzutage wird dieser Begriff sogar erweitert. Inzwischen geht es um die Gleichberechtigung aller Geschlechter: M\u00e4nner, Frauen, Trans-, Intergeschlechtliche und Nicht-bin\u00e4re.<\/p>\n\n\n\n<p><em><strong>Aber k\u00f6nnen M\u00e4nner tats\u00e4chlich feministisch sein?<\/strong><\/em><\/p>\n\n\n\n<div class=\"wp-block-group is-vertical is-layout-flex wp-container-core-group-is-layout-8cf370e7 wp-block-group-is-layout-flex\">\n<p>Erst einmal ist wohl eines der st\u00e4rksten Kontraargumente, dass die sexistischsten Philosophen von allen m\u00e4nnlich sind.<\/p>\n\n\n\n<p>Zu ihnen z\u00e4hlen die Bekanntesten, wie beispielsweise Aristoteles, der sagte \u201eDas Weibchen ist n\u00e4mlich gleichsam ein verst\u00fcmmeltes M\u00e4nnchen.\u201c (<em>Zitat 2<\/em>), Platon, der schrieb \u201eUnter den als M\u00e4nner Geborenen gingen die Feiglinge, und (jene,) die w\u00e4hrend ihres Lebens Unrecht \u00fcbten, der Wahrscheinlichkeit nach bei ihrer zweiten Geburt in Frauen \u00fcber.\u201c (<em>Zitat 3<\/em>) und Jean-Jacques Rousseau: \u201eTats\u00e4chlich lernen alle M\u00e4dchen nur mit Widerwillen Lesen und Schreiben; aber wie man eine Nadel h\u00e4lt, das lernen sie gerne. Sie kommen sich erwachsen vor und denken mit viel Vergn\u00fcgen daran, dass diese F\u00e4higkeit ihnen eines Tages dazu dienen k\u00f6nnte, sich herauszuputzen.\u201c (<em>Zitat 4<\/em>). Sogar Immanuel Kant ist ein Sexist: \u201eM\u00fchsames Lernen oder peinliches Gr\u00fcbeln, wenn es gleich ein Frauenzimmer darin hoch bringen sollte, vertilgen die Vorz\u00fcge, die ihrem Geschlechte eigent\u00fcmlich sind, und k\u00f6nnen dieselben wohl um der Seltenheit willen zum Gegenstande einer kalten Bewunderung machen, aber sie werden zugleich die Reize schw\u00e4chen, wodurch sie ihre gro\u00dfe Gewalt \u00fcber das andere Geschlecht aus\u00fcben.\u201c (<em>Zitat 5<\/em>).<\/p>\n\n\n\n<p>Hierbei muss man zwar beachten, dass diese Philosophen in einer anderen Zeit gelebt haben, das macht es aber kein St\u00fcck weniger abartig. Zudem sind auch heutzutage die meisten Sexisten m\u00e4nnlich, zu denen auch Donald Trump herangezogen werden kann.<\/p>\n<\/div>\n\n\n\n<p>Zur Frage, ob M\u00e4nner nun jedoch \u00fcberhaupt feministisch und nicht nur sexistisch sein k\u00f6nnten gibt es die Haltung vieler Feministinnen, die sagen \u201eno uterus, no opinion\u201c (<em>Zitat 6<\/em>). Wer also keine Geb\u00e4rmutter habe, solle auch keine Meinung zu feministischen Themen, wie Abtreibung \u00e4u\u00dfern.<\/p>\n\n\n\n<div class=\"wp-block-group\"><div class=\"wp-block-group__inner-container is-layout-constrained wp-block-group-is-layout-constrained\">\n<div class=\"wp-block-group is-vertical is-layout-flex wp-container-core-group-is-layout-8cf370e7 wp-block-group-is-layout-flex\">\n<p>Meiner Meinung nach ist diese Haltung falsch. Auch M\u00e4nner haben das Recht sich positiv f\u00fcr k\u00f6rperliche Selbstbestimmung einzusetzen. Die Grenze wird jedoch da gesetzt, wo M\u00e4nner Frauen vorschreiben wollen, wie sie mit ihrem K\u00f6rper umzugehen haben.<\/p>\n\n\n\n<p>Politische Figuren, wie Barack Obama, der sagte \u201eWomen in particular, by the way, I want you to get more involved\u201d (<em>Zitat 7<\/em>) oder internationale Superstars, wie John Legend, der sagte \u201eall men should be feminists\u201d (<em>Zitat 8<\/em>) zeigen durchaus, dass Feminismus als Mann m\u00f6glich ist.<\/p>\n\n\n\n<p>Es gibt auch philosophische Ehrenretter, die sich, kontr\u00e4r zu Aristoteles, Platon, Rousseau und Kant, feministisch \u00e4u\u00dfern. So schrieb Gottfried W. Leibniz \u201eIch habe oft gedacht, dass Frauen von Geist mehr als die M\u00e4nner geeignet sind, die sch\u00f6nen Wissenschaften zu f\u00f6rdern\u201c (<em>Zitat 9<\/em>) und John Stuart Mill \u201eDie Unterordnung des einen Geschlechts unter das andere ist ein Unrecht und ein wesentliches Hindernis f\u00fcr eine Vervollkommnung der Menschen\u201c (<em>Zitat 10<\/em>).<\/p>\n\n\n\n<p>Wie man also sieht ist Feminismus des Mannes, trotz dem Mangel an unmittelbarer Betroffenheit, durchaus m\u00f6glich. Jedoch gilt es eine letzte Differenzierung vorzunehmen, denn Feminismus ist nicht immer direkt Feminismus. Manche M\u00e4nner spielen Fu\u00dfball mit ihren T\u00f6chtern und bezeichnen sich als Feministen, andere protestieren aktiv und positionieren sich \u00f6ffentlich auf der Seite des Feminismus. Es gilt nicht zu bezweifeln, dass selbstverst\u00e4ndlich nur letzteres tats\u00e4chlich zutrifft, aber die bereits genannten Figuren, die zur Argumentation herangezogen wurden, best\u00e4tigen dies.<\/p>\n<\/div>\n<\/div><\/div>\n\n\n\n<div class=\"wp-block-group\"><div class=\"wp-block-group__inner-container is-layout-constrained wp-block-group-is-layout-constrained\">\n<p class=\"has-text-align-left\">Summa summarum stimme ich also dem Prinzip \u201efeminism is unisex\u201c zu.<\/p>\n\n\n\n<p>Es kann zwar sein, dass M\u00e4nner nie so stark hinter Feminismus stehen k\u00f6nnen, wie Frauen, da sie keine Opfer der Geschlechterungleichheit sind, dennoch k\u00f6nnen sie durchaus feministisch denken und handeln.<\/p>\n<\/div><\/div>\n\n\n\n<p>Was denkt ihr dazu?<\/p>\n\n\n\n<div class=\"wp-block-group\"><div class=\"wp-block-group__inner-container is-layout-constrained wp-block-group-is-layout-constrained\">\n<p><strong>Quellen:<\/strong><\/p>\n\n\n\n<p><a href=\"https:\/\/www.fes.de\/wissen\/gender-glossar\/feminismus\">https:\/\/www.fes.de\/wissen\/gender-glossar\/feminismus<\/a> &#8211; 20.05.24<\/p>\n\n\n\n<p><em>Zitat 1<\/em>: <a href=\"https:\/\/www.elle.com\/life-love\/news\/a27186\/emma-watson-talks-gender-equality-on-international-womens-day\/\">https:\/\/www.elle.com\/life-love\/news\/a27186\/emma-watson-talks-gender-equality-on-international-womens-day\/<\/a> &#8211; 20.05.24<\/p>\n\n\n\n<p><em>Zitat 2-5 &amp; 9-10<\/em>: Philosophie Magazin: Sind Frauen moralischer als M\u00e4nner?. Ausgabe Nr.3 M\u00e4rz\/April 2012. S.42-43.<\/p>\n\n\n\n<p><em>Zitat 6<\/em>: <a href=\"https:\/\/www.spiegel.de\/kultur\/gesellschaft\/wie-koennen-maenner-feministen-sein-kolumne-a-1263070.html\">https:\/\/www.spiegel.de\/kultur\/gesellschaft\/wie-koennen-maenner-feministen-sein-kolumne-a-1263070.html<\/a> &#8211; 20.05.24<\/p>\n\n\n\n<p><em>Zitat 7-8<\/em>: <a href=\"https:\/\/www.globalcitizen.org\/en\/content\/famous-men-gender-equality-2018\/\">https:\/\/www.globalcitizen.org\/en\/content\/famous-men-gender-equality-2018\/<\/a> &#8211; 20.05.24<\/p>\n<\/div><\/div>\n","protected":false},"excerpt":{"rendered":"<p>\u201eIf you stand for equality, you&#8217;re a feminist. That&#8217;s it. I&#8217;m aware of a lot more male feminists now then I was a few years ago and it&#8217;s really heartening. People have come back to what the actual definition means and that&#8217;s equality: socially, politically and economically,&#8220;\u201d(Zitat 1) \u2013 Dieses Zitat von Emma Watson weist [&hellip;]<\/p>\n","protected":false},"author":76,"featured_media":0,"comment_status":"open","ping_status":"0","sticky":false,"template":"","format":"standard","meta":{"footnotes":""},"categories":[7,105,14,15],"tags":[],"class_list":["post-7858","post","type-post","status-publish","format-standard","hentry","category-gerabronn","category-kant","category-philosophie","category-philosophieren","missing-thumbnail"],"_links":{"self":[{"href":"https:\/\/ethikblogs.de\/index.php?rest_route=\/wp\/v2\/posts\/7858","targetHints":{"allow":["GET"]}}],"collection":[{"href":"https:\/\/ethikblogs.de\/index.php?rest_route=\/wp\/v2\/posts"}],"about":[{"href":"https:\/\/ethikblogs.de\/index.php?rest_route=\/wp\/v2\/types\/post"}],"author":[{"embeddable":true,"href":"https:\/\/ethikblogs.de\/index.php?rest_route=\/wp\/v2\/users\/76"}],"replies":[{"embeddable":true,"href":"https:\/\/ethikblogs.de\/index.php?rest_route=%2Fwp%2Fv2%2Fcomments&post=7858"}],"version-history":[{"count":1,"href":"https:\/\/ethikblogs.de\/index.php?rest_route=\/wp\/v2\/posts\/7858\/revisions"}],"predecessor-version":[{"id":7859,"href":"https:\/\/ethikblogs.de\/index.php?rest_route=\/wp\/v2\/posts\/7858\/revisions\/7859"}],"wp:attachment":[{"href":"https:\/\/ethikblogs.de\/index.php?rest_route=%2Fwp%2Fv2%2Fmedia&parent=7858"}],"wp:term":[{"taxonomy":"category","embeddable":true,"href":"https:\/\/ethikblogs.de\/index.php?rest_route=%2Fwp%2Fv2%2Fcategories&post=7858"},{"taxonomy":"post_tag","embeddable":true,"href":"https:\/\/ethikblogs.de\/index.php?rest_route=%2Fwp%2Fv2%2Ftags&post=7858"}],"curies":[{"name":"wp","href":"https:\/\/api.w.org\/{rel}","templated":true}]}}