{"id":7923,"date":"2024-06-01T20:42:12","date_gmt":"2024-06-01T18:42:12","guid":{"rendered":"https:\/\/ethikblogs.de\/?p=7923"},"modified":"2024-06-01T20:42:12","modified_gmt":"2024-06-01T18:42:12","slug":"wo-beginntb-rassismus","status":"publish","type":"post","link":"https:\/\/ethikblogs.de\/?p=7923","title":{"rendered":"Wo Beginntb Rassismus?"},"content":{"rendered":"\n<p>Wo beginnt Rassismus? &#8211; Aladin El-Mafaalani<\/p>\n\n\n\n<p>In einer Welt, die von Vielfalt und kulturellen Bereicherung gepr\u00e4gt sein soll, ist Rassismus eine schmerzhafte Realit\u00e4t, die weiterhin Gesellschaften auf der ganzen Welt durchdringt. Die Frage ,,Wo beginnt Rassismus? &#8220; steht im Mittelpunkt zahlreicher Diskussionen \u00fcber Ethik, Moral und sozialer Gerechtigkeit.<\/p>\n\n\n\n<p>El-Mafaalani hebt hervor, dass Rassismus eine feste Verankerung in den Strukturen unserer Gesellschaft darstellt. Zu diesen Strukturen geh\u00f6ren politische, soziale und \u00f6konomische Systeme, die bestimmte Gruppen auf systematische Weise diskriminieren. Zum Beispiel manifestiert sich Rassismus im Bildungssystem, in dem es Kindern mit Migrationshintergrund h\u00e4ufig schlechtere Chancen bietet. Die Ursachen f\u00fcr diese Ungleichheiten sind unauff\u00e4llige Formen von Diskriminierung und ungleiche Ausgangsbedingungen, die durch institutionelle Praktiken und Politiken noch versch\u00e4rft werden.<\/p>\n\n\n\n<p>Struktureller Rassismus stellt in der philosophischen Betrachtung einen wichtigen Gesichtspunkt dar. Dies manifestiert sich darin, dass bestimmte Gruppen durch institutionelle Normen und Praktiken systematisch benachteiligt werden. Hier wird das Thema Gerechtigkeit und Gleichheit zu einer ethischen Verpflichtung, die die Grundlagen einer gerechten Gesellschaft infrage stellt.<\/p>\n\n\n\n<p>El-Mafaalani untersuchen au\u00dferdem auch die pers\u00f6nlichen Aspekte des Rassismus. Das zwischenmenschliche Zusammenleben wird durch den pers\u00f6nlichen Glauben an kulturelle \u00dcberlegenheit und die Ausdrucksformen dieser \u00dcberzeugungen im Alltag \u2013 sei es durch Worte, Taten oder subtile Gesten \u2013 beeinflusst, und die Psyche der Betroffenen wird oft dauerhaft gepr\u00e4gt.<\/p>\n\n\n\n<p>Mikroaggressionen und allt\u00e4gliche Erfahrungen der Diskriminierung sind nicht nur Ausdruck individueller Vorurteile, sondern auch Symptome einer tiefer liegenden kulturellen Hegemonie.&nbsp;<\/p>\n\n\n\n<p>Rassismus ist nicht unerwartet entstanden, sondern hat seine Urspr\u00fcnge in historischen Ereignissen und gesellschaftlichen Strukturen. Er manifestiert sich im t\u00e4glichen Leben nicht nur in deutlichen Diskriminierungen, sondern auch in unauff\u00e4lligen Auspr\u00e4gungen. Beispiele f\u00fcr die Verinnerlichung und Weitergabe rassistischer Denkmuster sind abwertende Bemerkungen oder stereotype Annahmen. Das Selbstwertgef\u00fchl und die soziale Integration von Betroffenen k\u00f6nnen durch diese allt\u00e4glichen Erlebnisse erheblich beeintr\u00e4chtigt werden.<\/p>\n\n\n\n<p>Es gibt auch institutionelle Praktiken, die Rassismus verst\u00e4rken, indem sie bestimmte ethnische oder kulturelle Gruppen diskriminieren. Das kann in Bereichen wie dem Bildungswesen, dem Arbeitsmarkt oder dem Gesundheitssystem zum Ausdruck kommen, in denen es Hindernisse oder Ungleichheiten beim Zugang gibt.<\/p>\n\n\n\n<p>Um Rassismus wirksam zu bek\u00e4mpfen, m\u00fcssen diese unterschiedlichen Ebenen identifiziert und angesprochen werden. Es ist notwendig, die Einstellungen und Verhaltensweisen der Einzelnen sowie die Struktur unserer Institutionen neu zu \u00fcberdenken. Wir k\u00f6nnen eine Gesellschaft schaffen, die Vielfalt respektiert und Chancengleichheit f\u00fcr alle gew\u00e4hrleistet, nur durch einen bewussten Streit und aktive Gegenma\u00dfnahmen.Insgesamt kann festgehalten werden, dass Rassismus ein tief verwurzeltes soziales Problem ist, dessen Ursprung in historischen, strukturellen und individuellen Aspekten liegt. Rassistische Denkmuster wurden historisch betrachtet von kolonialen Herrschaftsstrukturen und ideologischen Konstrukten beeinflusst. Diese bleiben bis heute pr\u00e4sent. Institutionelle Ungleichheiten und Hindernisse, die bestimmte Gruppen systematisch diskriminieren, sind Anzeichen f\u00fcr strukturellen Rassismus. Rassismus manifestiert sich auf pers\u00f6nlicher Ebene durch Vorurteile, Klischees und g\u00e4ngige Diskriminierungen, wie Mikroaggressionen.<\/p>\n\n\n\n<p>Um Rassismus effektiv zu bek\u00e4mpfen, ist ein ganzheitlicher Ansatz notwendig. Dabei werden die historischen Urspr\u00fcnge aufgekl\u00e4rt und gesellschaftliche Strukturen, die Diskriminierung f\u00f6rdern, kritisch reflektiert. Um pers\u00f6nliche Vorurteile zu \u00fcberwinden und ein respektvolles Miteinander zu f\u00f6rdern, ist es auch notwendig, sich pers\u00f6nlich einzusetzen.&nbsp;<\/p>\n\n\n\n<p>Letztlich ist der Kampf gegen Rassismus eine kollektive Verantwortung, die eine aktive Teilnahme jedes Einzelnen erfordert. Durch bewusstes Handeln und gemeinsame Anstrengungen k\u00f6nnen wir eine Gesellschaft aufbauen, die Vielfalt als St\u00e4rke betrachtet und in der jeder Mensch gleichwertig und respektiert ist.<\/p>\n\n\n\n<p>Wie steht ihr zu diesem Thema?<\/p>\n","protected":false},"excerpt":{"rendered":"<p>Wo beginnt Rassismus? &#8211; Aladin El-Mafaalani In einer Welt, die von Vielfalt und kulturellen Bereicherung gepr\u00e4gt sein soll, ist Rassismus eine schmerzhafte Realit\u00e4t, die weiterhin Gesellschaften auf der ganzen Welt durchdringt. Die Frage ,,Wo beginnt Rassismus? &#8220; steht im Mittelpunkt zahlreicher Diskussionen \u00fcber Ethik, Moral und sozialer Gerechtigkeit. El-Mafaalani hebt hervor, dass Rassismus eine feste [&hellip;]<\/p>\n","protected":false},"author":76,"featured_media":0,"comment_status":"open","ping_status":"0","sticky":false,"template":"","format":"standard","meta":{"footnotes":""},"categories":[1],"tags":[],"class_list":["post-7923","post","type-post","status-publish","format-standard","hentry","category-uncategorized","missing-thumbnail"],"_links":{"self":[{"href":"https:\/\/ethikblogs.de\/index.php?rest_route=\/wp\/v2\/posts\/7923","targetHints":{"allow":["GET"]}}],"collection":[{"href":"https:\/\/ethikblogs.de\/index.php?rest_route=\/wp\/v2\/posts"}],"about":[{"href":"https:\/\/ethikblogs.de\/index.php?rest_route=\/wp\/v2\/types\/post"}],"author":[{"embeddable":true,"href":"https:\/\/ethikblogs.de\/index.php?rest_route=\/wp\/v2\/users\/76"}],"replies":[{"embeddable":true,"href":"https:\/\/ethikblogs.de\/index.php?rest_route=%2Fwp%2Fv2%2Fcomments&post=7923"}],"version-history":[{"count":1,"href":"https:\/\/ethikblogs.de\/index.php?rest_route=\/wp\/v2\/posts\/7923\/revisions"}],"predecessor-version":[{"id":7924,"href":"https:\/\/ethikblogs.de\/index.php?rest_route=\/wp\/v2\/posts\/7923\/revisions\/7924"}],"wp:attachment":[{"href":"https:\/\/ethikblogs.de\/index.php?rest_route=%2Fwp%2Fv2%2Fmedia&parent=7923"}],"wp:term":[{"taxonomy":"category","embeddable":true,"href":"https:\/\/ethikblogs.de\/index.php?rest_route=%2Fwp%2Fv2%2Fcategories&post=7923"},{"taxonomy":"post_tag","embeddable":true,"href":"https:\/\/ethikblogs.de\/index.php?rest_route=%2Fwp%2Fv2%2Ftags&post=7923"}],"curies":[{"name":"wp","href":"https:\/\/api.w.org\/{rel}","templated":true}]}}