{"id":841,"date":"2012-12-02T21:59:56","date_gmt":"2012-12-02T19:59:56","guid":{"rendered":"http:\/\/ethik13.wordpress.com\/?p=841"},"modified":"2012-12-02T21:59:56","modified_gmt":"2012-12-02T19:59:56","slug":"philosophen-des-petrinum-dorsten-am-start","status":"publish","type":"post","link":"https:\/\/ethikblogs.de\/?p=841","title":{"rendered":"Philosophen des Petrinum Dorsten am Start"},"content":{"rendered":"<p>Liebe Philosophen und Philosophinnen,<\/p>\n<p>&nbsp;<\/p>\n<p>die Sch\u00fcler der Q1-Kurse des Petrinum Dorsten sind jetzt auch am Start. Ich freue mich auf euch alle hier, \u00a0eure Gedanken und den Austausch dieser.<\/p>\n<p>Viel Spa\u00df dabei! \ud83d\ude42<\/p>\n<p>Liebe Gr\u00fc\u00dfe,<\/p>\n<p>S.Mittag<\/p>\n<p>PS: Danke Frau Sch\u00fctze!<\/p>\n","protected":false},"excerpt":{"rendered":"<p>Liebe Philosophen und Philosophinnen, &nbsp; die Sch\u00fcler der Q1-Kurse des Petrinum Dorsten sind jetzt auch am Start. Ich freue mich auf euch alle hier, \u00a0eure Gedanken und den Austausch dieser. Viel Spa\u00df dabei! \ud83d\ude42 Liebe Gr\u00fc\u00dfe, S.Mittag PS: Danke Frau Sch\u00fctze!<\/p>\n","protected":false},"author":76,"featured_media":0,"comment_status":"open","ping_status":"open","sticky":false,"template":"","format":"standard","meta":{"footnotes":""},"categories":[2],"tags":[],"class_list":["post-841","post","type-post","status-publish","format-standard","hentry","category-allgemein","missing-thumbnail"],"_links":{"self":[{"href":"https:\/\/ethikblogs.de\/index.php?rest_route=\/wp\/v2\/posts\/841","targetHints":{"allow":["GET"]}}],"collection":[{"href":"https:\/\/ethikblogs.de\/index.php?rest_route=\/wp\/v2\/posts"}],"about":[{"href":"https:\/\/ethikblogs.de\/index.php?rest_route=\/wp\/v2\/types\/post"}],"author":[{"embeddable":true,"href":"https:\/\/ethikblogs.de\/index.php?rest_route=\/wp\/v2\/users\/76"}],"replies":[{"embeddable":true,"href":"https:\/\/ethikblogs.de\/index.php?rest_route=%2Fwp%2Fv2%2Fcomments&post=841"}],"version-history":[{"count":0,"href":"https:\/\/ethikblogs.de\/index.php?rest_route=\/wp\/v2\/posts\/841\/revisions"}],"wp:attachment":[{"href":"https:\/\/ethikblogs.de\/index.php?rest_route=%2Fwp%2Fv2%2Fmedia&parent=841"}],"wp:term":[{"taxonomy":"category","embeddable":true,"href":"https:\/\/ethikblogs.de\/index.php?rest_route=%2Fwp%2Fv2%2Fcategories&post=841"},{"taxonomy":"post_tag","embeddable":true,"href":"https:\/\/ethikblogs.de\/index.php?rest_route=%2Fwp%2Fv2%2Ftags&post=841"}],"curies":[{"name":"wp","href":"https:\/\/api.w.org\/{rel}","templated":true}]}}